{"id":2210,"date":"2024-09-05T14:44:59","date_gmt":"2024-09-05T12:44:59","guid":{"rendered":"https:\/\/entwicklung-schweiz.ch\/?p=2210"},"modified":"2024-09-05T14:54:45","modified_gmt":"2024-09-05T12:54:45","slug":"lever-enfin-les-freins-pour-atteindre-les-objectifs-de-durabilite","status":"publish","type":"post","link":"https:\/\/entwicklung-schweiz.ch\/fr\/lever-enfin-les-freins-pour-atteindre-les-objectifs-de-durabilite\/","title":{"rendered":"Lever enfin les freins pour atteindre les objectifs de durabilit\u00e9"},"content":{"rendered":"\n<p>Au premier semestre 2024, des indicateurs cl\u00e9s du changement de culture dans le domaine des march\u00e9s publics ont stagn\u00e9.<\/p>\n\n\n\n<p>La cinqui\u00e8me \u00e9dition du moniteur des adjudications\u00a0du secteur suisse de la construction examine comment le changement de culture vis\u00e9 dans les march\u00e9s publics a \u00e9volu\u00e9 dans les appels d&rsquo;offres publi\u00e9s sur Simap.ch pour la Conf\u00e9d\u00e9ration et les cantons depuis fin 2023. Le passage au nouveau Simap.ch au 1er juillet 2024 pourrait jouer un r\u00f4le \u00e0 cet \u00e9gard.<\/p>\n\n\n\n<h3 class=\"wp-block-heading\" id=\"h-lever-enfin-les-freins\">Lever enfin les freins<\/h3>\n\n\n\n<p>Le premier semestre 2024 montre peu de changements. Cela est d&rsquo;autant plus surprenant que pendant la p\u00e9riode consid\u00e9r\u00e9e, la nouvelle version r\u00e9vis\u00e9e de l&rsquo;OIC a \u00e9t\u00e9 mise en vigueur dans sept cantons. Il semble que le changement de culture ait marqu\u00e9 une pause.<\/p>\n\n\n\n<p>La part des crit\u00e8res de durabilit\u00e9 est rest\u00e9e largement inchang\u00e9e \u00e0 7,2%. Cependant, dans les march\u00e9s publics f\u00e9d\u00e9raux, ces crit\u00e8res ont diminu\u00e9 de mani\u00e8re significative depuis fin 2023, notamment dans l&rsquo;architecture (-7,2%), l&rsquo;ing\u00e9nierie (-2,4%) et les march\u00e9s de construction (-2,2%). Les objectifs en mati\u00e8re de climat, d&rsquo;\u00e9nergie et de ressources sont ancr\u00e9s dans la loi, tout comme le r\u00f4le exemplaire de la Conf\u00e9d\u00e9ration. Le \u00ab frein \u00e0 main \u00bb doit maintenant \u00eatre d\u00e9finitivement lib\u00e9r\u00e9, et le droit des march\u00e9s publics doit \u00eatre utilis\u00e9 comme un instrument pour atteindre les divers objectifs de durabilit\u00e9.<\/p>\n\n\n\n<h3 class=\"wp-block-heading\" id=\"h-peu-de-changements-dans-la-ponderation-de-la-qualite\">Peu de changements dans la pond\u00e9ration de la qualit\u00e9<\/h3>\n\n\n\n<p>Fin juin 2024, la pond\u00e9ration moyenne des crit\u00e8res de qualit\u00e9 dans les appels d&rsquo;offres publics \u00e9tait de 51,8%, soit 0,1% de plus qu&rsquo;il y a six mois. Cependant, l&rsquo;\u00e9volution varie selon les secteurs : pour les march\u00e9s d&rsquo;architecture, la part a de nouveau augment\u00e9 de 1,1% pour atteindre 68,7%, tandis que dans le secteur de la construction, elle a augment\u00e9 de 0,7% pour atteindre r\u00e9cemment 44%.<\/p>\n\n\n\n<p>Avec 63,6%, les crit\u00e8res de qualit\u00e9 pour les mandats d&rsquo;ing\u00e9nieur ont \u00e9t\u00e9 exig\u00e9s 0,5% moins souvent qu&rsquo;\u00e0 la fin 2023. Dans les cantons o\u00f9 la pond\u00e9ration de la qualit\u00e9 \u00e9tait inf\u00e9rieure \u00e0 la moyenne avant l&rsquo;entr\u00e9e en vigueur de l&rsquo;AIMP, un effet de rattrapage s&rsquo;est \u00e0 nouveau produit peu apr\u00e8s l&rsquo;entr\u00e9e en vigueur. Ainsi, les crit\u00e8res de qualit\u00e9 ont connu des augmentations parfois marqu\u00e9es dans les cantons de B\u00e2le-Ville, Berne et Schwyz.<\/p>\n\n\n\n<h3 class=\"wp-block-heading\" id=\"h-augmentation-du-dialogue-sauf-pour-les-mandats-de-planification\">Augmentation du dialogue <strong>\u2013<\/strong> sauf pour les mandats de planification<\/h3>\n\n\n\n<p>En revanche, le recours \u00e0 la proc\u00e9dure de dialogue a continu\u00e9 de gagner en popularit\u00e9, \u00e0 l&rsquo;exception des prestations de planification au niveau f\u00e9d\u00e9ral. La part des appels d&rsquo;offres avec dialogue s&rsquo;\u00e9levait r\u00e9cemment \u00e0 2,6%, soit 55,7% de plus qu&rsquo;il y a un an. Cette proc\u00e9dure est particuli\u00e8rement pris\u00e9e dans les cantons romands.<\/p>\n\n\n\n<h3 class=\"wp-block-heading\" id=\"h-variantes-autorisees-desormais-egalement-de-plus-en-plus-au-niveau-federal\">Variantes autoris\u00e9es d\u00e9sormais \u00e9galement de plus en plus au niveau f\u00e9d\u00e9ral<\/h3>\n\n\n\n<p>La part des march\u00e9s autorisant la soumission de variantes a certes l\u00e9g\u00e8rement diminu\u00e9 depuis la fin de 2023 (-0,4%), atteignant ainsi 18%. Toutefois, la tendance \u00e0 la hausse, d\u00e9j\u00e0 constat\u00e9e fin 2023, semble se confirmer au niveau des branches et des r\u00e9gions. Les secteurs de la construction (+0,7%) et de l&rsquo;ing\u00e9nierie (+1,1%) ont enregistr\u00e9 des augmentations. Les march\u00e9s de construction au niveau f\u00e9d\u00e9ral (+5,9%) et les march\u00e9s d&rsquo;architecture dans le canton de Zurich (+6,3%) en sont les principaux b\u00e9n\u00e9ficiaires.<\/p>\n\n\n\n            <section class=\"accordion-block\">\n            <div class=\"accordion\">\n                                    <div class=\"accordion-item\">\n                        <div class=\"accordion-item-header-block bg-color-red border-color-red\" data-number=\"1\">\n                            <h3 class=\"mb-0 text-white\"><strong>Moniteur des adjudications \u2013 Et\u00e9 2024<\/strong><\/h3>\n                        <\/div>\n\n                        <div class=\"accordion-item-content-block border-color-red\">\n                            <div class=\"accordion-item-content-inner-block\">\n                                                                            <div><a href=\"https:\/\/entwicklung-schweiz.ch\/wp-content\/uploads\/2024\/09\/240904-Moniteur-des-adjudications_Constructionsuisse_Etat_2024.pdf\" class=\"mb-0 link-hover-color-red\">Moniteur des adjudications \u2013 Et\u00e9 2024<\/a><\/div>\n                                                                    <\/div>\n                        <\/div>\n                    <\/div>\n                            <\/div>\n        <\/section>\n    \n\n\n","protected":false},"excerpt":{"rendered":"<p>Au premier semestre 2024, des indicateurs cl\u00e9s du changement de culture dans le domaine des march\u00e9s publics ont stagn\u00e9. La cinqui\u00e8me \u00e9dition du moniteur des adjudications\u00a0du secteur suisse de la construction examine comment le changement de culture vis\u00e9 dans les march\u00e9s publics a \u00e9volu\u00e9 dans les appels d&rsquo;offres publi\u00e9s sur Simap.ch pour la Conf\u00e9d\u00e9ration et [&hellip;]<\/p>\n","protected":false},"author":8,"featured_media":2209,"comment_status":"closed","ping_status":"closed","sticky":false,"template":"","format":"standard","meta":{"_acf_changed":false,"inline_featured_image":false,"_themeisle_gutenberg_block_has_review":false,"footnotes":""},"categories":[25],"tags":[],"acf":[],"yoast_head":"<!-- This site is optimized with the Yoast SEO Premium plugin v22.7 (Yoast SEO v22.7) - https:\/\/yoast.com\/wordpress\/plugins\/seo\/ -->\n<title>Lever enfin les freins pour atteindre les objectifs de durabilit\u00e9 - Entwicklung Schweiz<\/title>\n<meta name=\"robots\" content=\"index, follow, max-snippet:-1, max-image-preview:large, max-video-preview:-1\" \/>\n<link rel=\"canonical\" href=\"https:\/\/entwicklung-schweiz.ch\/fr\/lever-enfin-les-freins-pour-atteindre-les-objectifs-de-durabilite\/\" \/>\n<meta property=\"og:locale\" content=\"fr_FR\" \/>\n<meta property=\"og:type\" content=\"article\" \/>\n<meta property=\"og:title\" content=\"Lever enfin les freins pour atteindre les objectifs de durabilit\u00e9\" \/>\n<meta property=\"og:description\" content=\"Au premier semestre 2024, des indicateurs cl\u00e9s du changement de culture dans le domaine des march\u00e9s publics ont stagn\u00e9. La cinqui\u00e8me \u00e9dition du moniteur des adjudications\u00a0du secteur suisse de la construction examine comment le changement de culture vis\u00e9 dans les march\u00e9s publics a \u00e9volu\u00e9 dans les appels d&rsquo;offres publi\u00e9s sur Simap.ch pour la Conf\u00e9d\u00e9ration et [&hellip;]\" \/>\n<meta property=\"og:url\" content=\"https:\/\/entwicklung-schweiz.ch\/fr\/lever-enfin-les-freins-pour-atteindre-les-objectifs-de-durabilite\/\" \/>\n<meta property=\"og:site_name\" content=\"Entwicklung Schweiz\" \/>\n<meta property=\"article:published_time\" content=\"2024-09-05T12:44:59+00:00\" \/>\n<meta property=\"article:modified_time\" content=\"2024-09-05T12:54:45+00:00\" \/>\n<meta property=\"og:image\" content=\"https:\/\/entwicklung-schweiz.ch\/wp-content\/uploads\/2024\/09\/be0ed2d6-1d76dc90@1374w2x.png\" \/>\n\t<meta property=\"og:image:width\" content=\"1374\" \/>\n\t<meta property=\"og:image:height\" content=\"680\" \/>\n\t<meta property=\"og:image:type\" content=\"image\/png\" \/>\n<meta name=\"author\" content=\"Rahel B\u00fcrgi\" \/>\n<meta name=\"twitter:card\" content=\"summary_large_image\" \/>\n<meta name=\"twitter:label1\" content=\"\u00c9crit par\" \/>\n\t<meta name=\"twitter:data1\" content=\"Rahel B\u00fcrgi\" \/>\n\t<meta name=\"twitter:label2\" content=\"Dur\u00e9e de lecture estim\u00e9e\" \/>\n\t<meta name=\"twitter:data2\" content=\"4 minutes\" \/>\n<script type=\"application\/ld+json\" class=\"yoast-schema-graph\">{\"@context\":\"https:\/\/schema.org\",\"@graph\":[{\"@type\":\"Article\",\"@id\":\"https:\/\/entwicklung-schweiz.ch\/fr\/lever-enfin-les-freins-pour-atteindre-les-objectifs-de-durabilite\/#article\",\"isPartOf\":{\"@id\":\"https:\/\/entwicklung-schweiz.ch\/fr\/lever-enfin-les-freins-pour-atteindre-les-objectifs-de-durabilite\/\"},\"author\":{\"name\":\"Rahel B\u00fcrgi\",\"@id\":\"https:\/\/entwicklung-schweiz.ch\/#\/schema\/person\/dc7b9eb50eaef8a6fd892dbcbcde1bc8\"},\"headline\":\"Lever enfin les freins pour atteindre les objectifs de durabilit\u00e9\",\"datePublished\":\"2024-09-05T12:44:59+00:00\",\"dateModified\":\"2024-09-05T12:54:45+00:00\",\"mainEntityOfPage\":{\"@id\":\"https:\/\/entwicklung-schweiz.ch\/fr\/lever-enfin-les-freins-pour-atteindre-les-objectifs-de-durabilite\/\"},\"wordCount\":565,\"publisher\":{\"@id\":\"https:\/\/entwicklung-schweiz.ch\/#organization\"},\"image\":{\"@id\":\"https:\/\/entwicklung-schweiz.ch\/fr\/lever-enfin-les-freins-pour-atteindre-les-objectifs-de-durabilite\/#primaryimage\"},\"thumbnailUrl\":\"https:\/\/entwicklung-schweiz.ch\/wp-content\/uploads\/2024\/09\/be0ed2d6-1d76dc90@1374w2x.png\",\"articleSection\":[\"Branche\"],\"inLanguage\":\"fr-FR\"},{\"@type\":\"WebPage\",\"@id\":\"https:\/\/entwicklung-schweiz.ch\/fr\/lever-enfin-les-freins-pour-atteindre-les-objectifs-de-durabilite\/\",\"url\":\"https:\/\/entwicklung-schweiz.ch\/fr\/lever-enfin-les-freins-pour-atteindre-les-objectifs-de-durabilite\/\",\"name\":\"Lever enfin les freins pour atteindre les objectifs de durabilit\u00e9 - Entwicklung Schweiz\",\"isPartOf\":{\"@id\":\"https:\/\/entwicklung-schweiz.ch\/#website\"},\"primaryImageOfPage\":{\"@id\":\"https:\/\/entwicklung-schweiz.ch\/fr\/lever-enfin-les-freins-pour-atteindre-les-objectifs-de-durabilite\/#primaryimage\"},\"image\":{\"@id\":\"https:\/\/entwicklung-schweiz.ch\/fr\/lever-enfin-les-freins-pour-atteindre-les-objectifs-de-durabilite\/#primaryimage\"},\"thumbnailUrl\":\"https:\/\/entwicklung-schweiz.ch\/wp-content\/uploads\/2024\/09\/be0ed2d6-1d76dc90@1374w2x.png\",\"datePublished\":\"2024-09-05T12:44:59+00:00\",\"dateModified\":\"2024-09-05T12:54:45+00:00\",\"breadcrumb\":{\"@id\":\"https:\/\/entwicklung-schweiz.ch\/fr\/lever-enfin-les-freins-pour-atteindre-les-objectifs-de-durabilite\/#breadcrumb\"},\"inLanguage\":\"fr-FR\",\"potentialAction\":[{\"@type\":\"ReadAction\",\"target\":[\"https:\/\/entwicklung-schweiz.ch\/fr\/lever-enfin-les-freins-pour-atteindre-les-objectifs-de-durabilite\/\"]}]},{\"@type\":\"ImageObject\",\"inLanguage\":\"fr-FR\",\"@id\":\"https:\/\/entwicklung-schweiz.ch\/fr\/lever-enfin-les-freins-pour-atteindre-les-objectifs-de-durabilite\/#primaryimage\",\"url\":\"https:\/\/entwicklung-schweiz.ch\/wp-content\/uploads\/2024\/09\/be0ed2d6-1d76dc90@1374w2x.png\",\"contentUrl\":\"https:\/\/entwicklung-schweiz.ch\/wp-content\/uploads\/2024\/09\/be0ed2d6-1d76dc90@1374w2x.png\",\"width\":1374,\"height\":680},{\"@type\":\"BreadcrumbList\",\"@id\":\"https:\/\/entwicklung-schweiz.ch\/fr\/lever-enfin-les-freins-pour-atteindre-les-objectifs-de-durabilite\/#breadcrumb\",\"itemListElement\":[{\"@type\":\"ListItem\",\"position\":1,\"name\":\"Home\",\"item\":\"https:\/\/entwicklung-schweiz.ch\/fr\/\"},{\"@type\":\"ListItem\",\"position\":2,\"name\":\"Lever enfin les freins pour atteindre les objectifs de durabilit\u00e9\"}]},{\"@type\":\"WebSite\",\"@id\":\"https:\/\/entwicklung-schweiz.ch\/#website\",\"url\":\"https:\/\/entwicklung-schweiz.ch\/\",\"name\":\"Entwicklung Schweiz\",\"description\":\"\",\"publisher\":{\"@id\":\"https:\/\/entwicklung-schweiz.ch\/#organization\"},\"potentialAction\":[{\"@type\":\"SearchAction\",\"target\":{\"@type\":\"EntryPoint\",\"urlTemplate\":\"https:\/\/entwicklung-schweiz.ch\/?s={search_term_string}\"},\"query-input\":\"required name=search_term_string\"}],\"inLanguage\":\"fr-FR\"},{\"@type\":\"Organization\",\"@id\":\"https:\/\/entwicklung-schweiz.ch\/#organization\",\"name\":\"Entwicklung Schweiz\",\"url\":\"https:\/\/entwicklung-schweiz.ch\/\",\"logo\":{\"@type\":\"ImageObject\",\"inLanguage\":\"fr-FR\",\"@id\":\"https:\/\/entwicklung-schweiz.ch\/#\/schema\/logo\/image\/\",\"url\":\"https:\/\/entwicklung-schweiz.ch\/wp-content\/uploads\/2024\/02\/Logo_colors.svg\",\"contentUrl\":\"https:\/\/entwicklung-schweiz.ch\/wp-content\/uploads\/2024\/02\/Logo_colors.svg\",\"width\":243,\"height\":49,\"caption\":\"Entwicklung Schweiz\"},\"image\":{\"@id\":\"https:\/\/entwicklung-schweiz.ch\/#\/schema\/logo\/image\/\"}},{\"@type\":\"Person\",\"@id\":\"https:\/\/entwicklung-schweiz.ch\/#\/schema\/person\/dc7b9eb50eaef8a6fd892dbcbcde1bc8\",\"name\":\"Rahel B\u00fcrgi\",\"image\":{\"@type\":\"ImageObject\",\"inLanguage\":\"fr-FR\",\"@id\":\"https:\/\/entwicklung-schweiz.ch\/#\/schema\/person\/image\/\",\"url\":\"https:\/\/secure.gravatar.com\/avatar\/f4556c23b1d84678344b528363e89a23?s=96&d=mm&r=g\",\"contentUrl\":\"https:\/\/secure.gravatar.com\/avatar\/f4556c23b1d84678344b528363e89a23?s=96&d=mm&r=g\",\"caption\":\"Rahel B\u00fcrgi\"}}]}<\/script>\n<!-- \/ Yoast SEO Premium plugin. -->","yoast_head_json":{"title":"Lever enfin les freins pour atteindre les objectifs de durabilit\u00e9 - Entwicklung Schweiz","robots":{"index":"index","follow":"follow","max-snippet":"max-snippet:-1","max-image-preview":"max-image-preview:large","max-video-preview":"max-video-preview:-1"},"canonical":"https:\/\/entwicklung-schweiz.ch\/fr\/lever-enfin-les-freins-pour-atteindre-les-objectifs-de-durabilite\/","og_locale":"fr_FR","og_type":"article","og_title":"Lever enfin les freins pour atteindre les objectifs de durabilit\u00e9","og_description":"Au premier semestre 2024, des indicateurs cl\u00e9s du changement de culture dans le domaine des march\u00e9s publics ont stagn\u00e9. La cinqui\u00e8me \u00e9dition du moniteur des adjudications\u00a0du secteur suisse de la construction examine comment le changement de culture vis\u00e9 dans les march\u00e9s publics a \u00e9volu\u00e9 dans les appels d&rsquo;offres publi\u00e9s sur Simap.ch pour la Conf\u00e9d\u00e9ration et [&hellip;]","og_url":"https:\/\/entwicklung-schweiz.ch\/fr\/lever-enfin-les-freins-pour-atteindre-les-objectifs-de-durabilite\/","og_site_name":"Entwicklung Schweiz","article_published_time":"2024-09-05T12:44:59+00:00","article_modified_time":"2024-09-05T12:54:45+00:00","og_image":[{"width":1374,"height":680,"url":"https:\/\/entwicklung-schweiz.ch\/wp-content\/uploads\/2024\/09\/be0ed2d6-1d76dc90@1374w2x.png","type":"image\/png"}],"author":"Rahel B\u00fcrgi","twitter_card":"summary_large_image","twitter_misc":{"\u00c9crit par":"Rahel B\u00fcrgi","Dur\u00e9e de lecture estim\u00e9e":"4 minutes"},"schema":{"@context":"https:\/\/schema.org","@graph":[{"@type":"Article","@id":"https:\/\/entwicklung-schweiz.ch\/fr\/lever-enfin-les-freins-pour-atteindre-les-objectifs-de-durabilite\/#article","isPartOf":{"@id":"https:\/\/entwicklung-schweiz.ch\/fr\/lever-enfin-les-freins-pour-atteindre-les-objectifs-de-durabilite\/"},"author":{"name":"Rahel B\u00fcrgi","@id":"https:\/\/entwicklung-schweiz.ch\/#\/schema\/person\/dc7b9eb50eaef8a6fd892dbcbcde1bc8"},"headline":"Lever enfin les freins pour atteindre les objectifs de durabilit\u00e9","datePublished":"2024-09-05T12:44:59+00:00","dateModified":"2024-09-05T12:54:45+00:00","mainEntityOfPage":{"@id":"https:\/\/entwicklung-schweiz.ch\/fr\/lever-enfin-les-freins-pour-atteindre-les-objectifs-de-durabilite\/"},"wordCount":565,"publisher":{"@id":"https:\/\/entwicklung-schweiz.ch\/#organization"},"image":{"@id":"https:\/\/entwicklung-schweiz.ch\/fr\/lever-enfin-les-freins-pour-atteindre-les-objectifs-de-durabilite\/#primaryimage"},"thumbnailUrl":"https:\/\/entwicklung-schweiz.ch\/wp-content\/uploads\/2024\/09\/be0ed2d6-1d76dc90@1374w2x.png","articleSection":["Branche"],"inLanguage":"fr-FR"},{"@type":"WebPage","@id":"https:\/\/entwicklung-schweiz.ch\/fr\/lever-enfin-les-freins-pour-atteindre-les-objectifs-de-durabilite\/","url":"https:\/\/entwicklung-schweiz.ch\/fr\/lever-enfin-les-freins-pour-atteindre-les-objectifs-de-durabilite\/","name":"Lever enfin les freins pour atteindre les objectifs de durabilit\u00e9 - Entwicklung Schweiz","isPartOf":{"@id":"https:\/\/entwicklung-schweiz.ch\/#website"},"primaryImageOfPage":{"@id":"https:\/\/entwicklung-schweiz.ch\/fr\/lever-enfin-les-freins-pour-atteindre-les-objectifs-de-durabilite\/#primaryimage"},"image":{"@id":"https:\/\/entwicklung-schweiz.ch\/fr\/lever-enfin-les-freins-pour-atteindre-les-objectifs-de-durabilite\/#primaryimage"},"thumbnailUrl":"https:\/\/entwicklung-schweiz.ch\/wp-content\/uploads\/2024\/09\/be0ed2d6-1d76dc90@1374w2x.png","datePublished":"2024-09-05T12:44:59+00:00","dateModified":"2024-09-05T12:54:45+00:00","breadcrumb":{"@id":"https:\/\/entwicklung-schweiz.ch\/fr\/lever-enfin-les-freins-pour-atteindre-les-objectifs-de-durabilite\/#breadcrumb"},"inLanguage":"fr-FR","potentialAction":[{"@type":"ReadAction","target":["https:\/\/entwicklung-schweiz.ch\/fr\/lever-enfin-les-freins-pour-atteindre-les-objectifs-de-durabilite\/"]}]},{"@type":"ImageObject","inLanguage":"fr-FR","@id":"https:\/\/entwicklung-schweiz.ch\/fr\/lever-enfin-les-freins-pour-atteindre-les-objectifs-de-durabilite\/#primaryimage","url":"https:\/\/entwicklung-schweiz.ch\/wp-content\/uploads\/2024\/09\/be0ed2d6-1d76dc90@1374w2x.png","contentUrl":"https:\/\/entwicklung-schweiz.ch\/wp-content\/uploads\/2024\/09\/be0ed2d6-1d76dc90@1374w2x.png","width":1374,"height":680},{"@type":"BreadcrumbList","@id":"https:\/\/entwicklung-schweiz.ch\/fr\/lever-enfin-les-freins-pour-atteindre-les-objectifs-de-durabilite\/#breadcrumb","itemListElement":[{"@type":"ListItem","position":1,"name":"Home","item":"https:\/\/entwicklung-schweiz.ch\/fr\/"},{"@type":"ListItem","position":2,"name":"Lever enfin les freins pour atteindre les objectifs de durabilit\u00e9"}]},{"@type":"WebSite","@id":"https:\/\/entwicklung-schweiz.ch\/#website","url":"https:\/\/entwicklung-schweiz.ch\/","name":"Entwicklung Schweiz","description":"","publisher":{"@id":"https:\/\/entwicklung-schweiz.ch\/#organization"},"potentialAction":[{"@type":"SearchAction","target":{"@type":"EntryPoint","urlTemplate":"https:\/\/entwicklung-schweiz.ch\/?s={search_term_string}"},"query-input":"required name=search_term_string"}],"inLanguage":"fr-FR"},{"@type":"Organization","@id":"https:\/\/entwicklung-schweiz.ch\/#organization","name":"Entwicklung Schweiz","url":"https:\/\/entwicklung-schweiz.ch\/","logo":{"@type":"ImageObject","inLanguage":"fr-FR","@id":"https:\/\/entwicklung-schweiz.ch\/#\/schema\/logo\/image\/","url":"https:\/\/entwicklung-schweiz.ch\/wp-content\/uploads\/2024\/02\/Logo_colors.svg","contentUrl":"https:\/\/entwicklung-schweiz.ch\/wp-content\/uploads\/2024\/02\/Logo_colors.svg","width":243,"height":49,"caption":"Entwicklung Schweiz"},"image":{"@id":"https:\/\/entwicklung-schweiz.ch\/#\/schema\/logo\/image\/"}},{"@type":"Person","@id":"https:\/\/entwicklung-schweiz.ch\/#\/schema\/person\/dc7b9eb50eaef8a6fd892dbcbcde1bc8","name":"Rahel B\u00fcrgi","image":{"@type":"ImageObject","inLanguage":"fr-FR","@id":"https:\/\/entwicklung-schweiz.ch\/#\/schema\/person\/image\/","url":"https:\/\/secure.gravatar.com\/avatar\/f4556c23b1d84678344b528363e89a23?s=96&d=mm&r=g","contentUrl":"https:\/\/secure.gravatar.com\/avatar\/f4556c23b1d84678344b528363e89a23?s=96&d=mm&r=g","caption":"Rahel B\u00fcrgi"}}]}},"_links":{"self":[{"href":"https:\/\/entwicklung-schweiz.ch\/fr\/wp-json\/wp\/v2\/posts\/2210"}],"collection":[{"href":"https:\/\/entwicklung-schweiz.ch\/fr\/wp-json\/wp\/v2\/posts"}],"about":[{"href":"https:\/\/entwicklung-schweiz.ch\/fr\/wp-json\/wp\/v2\/types\/post"}],"author":[{"embeddable":true,"href":"https:\/\/entwicklung-schweiz.ch\/fr\/wp-json\/wp\/v2\/users\/8"}],"replies":[{"embeddable":true,"href":"https:\/\/entwicklung-schweiz.ch\/fr\/wp-json\/wp\/v2\/comments?post=2210"}],"version-history":[{"count":1,"href":"https:\/\/entwicklung-schweiz.ch\/fr\/wp-json\/wp\/v2\/posts\/2210\/revisions"}],"predecessor-version":[{"id":2211,"href":"https:\/\/entwicklung-schweiz.ch\/fr\/wp-json\/wp\/v2\/posts\/2210\/revisions\/2211"}],"wp:featuredmedia":[{"embeddable":true,"href":"https:\/\/entwicklung-schweiz.ch\/fr\/wp-json\/wp\/v2\/media\/2209"}],"wp:attachment":[{"href":"https:\/\/entwicklung-schweiz.ch\/fr\/wp-json\/wp\/v2\/media?parent=2210"}],"wp:term":[{"taxonomy":"category","embeddable":true,"href":"https:\/\/entwicklung-schweiz.ch\/fr\/wp-json\/wp\/v2\/categories?post=2210"},{"taxonomy":"post_tag","embeddable":true,"href":"https:\/\/entwicklung-schweiz.ch\/fr\/wp-json\/wp\/v2\/tags?post=2210"}],"curies":[{"name":"wp","href":"https:\/\/api.w.org\/{rel}","templated":true}]}}