{"id":2324,"date":"2024-12-20T12:53:15","date_gmt":"2024-12-20T11:53:15","guid":{"rendered":"https:\/\/entwicklung-schweiz.ch\/?p=2324"},"modified":"2024-12-20T12:53:16","modified_gmt":"2024-12-20T11:53:16","slug":"session-dhiver","status":"publish","type":"post","link":"https:\/\/entwicklung-schweiz.ch\/fr\/session-dhiver\/","title":{"rendered":"Session d&rsquo;hiver"},"content":{"rendered":"\n<p>Chers membres et partenaires associ\u00e9s<\/p>\n\n\n\n<p>Le pr\u00e9sident de notre comit\u00e9, Martin Schmid, proposera une r\u00e9trospective exclusive de la session d&rsquo;hiver le 23 d\u00e9cembre dans le cadre de la deuxi\u00e8me \u00ab\u00a0Session Unplugged\u00a0\u00bb. Dans cette newsletter, nous r\u00e9sumons pour vous de mani\u00e8re compacte les \u00e9v\u00e9nements politiques les plus importants pour la branche, \u00e0 l&rsquo;int\u00e9rieur et \u00e0 l&rsquo;ext\u00e9rieur du Palais f\u00e9d\u00e9ral. Le secr\u00e9tariat de \u00ab\u00a0D\u00e9veloppement Suisse\u00a0\u00bb se tient \u00e0 votre disposition pour toute question ou demande plus d\u00e9taill\u00e9e.<\/p>\n\n\n\n<p><strong>Cl\u00f4ture r\u00e9jouissante de la modification du droit des obligations (vices de construction)<\/strong><\/p>\n\n\n\n<p>Le Parlement a achev\u00e9 la modification du Code des obligations lors de la session d&rsquo;hiver. Un r\u00e9f\u00e9rendum est peu probable, de sorte que la loi modifi\u00e9e sera vraisemblablement applicable \u00e0 partir du 1er janvier 2026. Elle apporte des adaptations positives.<\/p>\n\n\n\n<p>Le d\u00e9lai de prescription de 5 ans reste en vigueur, car un doublement \u00e0 10 ans, envisag\u00e9 par le Conseil national, a pu \u00eatre \u00e9vit\u00e9 avec succ\u00e8s. Un d\u00e9lai aussi long aurait rendu difficile la distinction entre les d\u00e9fauts caus\u00e9s d\u00e8s la construction d&rsquo;un ouvrage et ceux caus\u00e9s par l&rsquo;usure normale de celui-ci.<\/p>\n\n\n\n<p>Jusqu&rsquo;\u00e0 pr\u00e9sent, les d\u00e9fauts de construction doivent \u00eatre signal\u00e9s \u00ab\u00a0imm\u00e9diatement\u00a0\u00bb &#8211; c&rsquo;est-\u00e0-dire dans un d\u00e9lai de quelques jours &#8211; sous peine de perdre le droit \u00e0 la garantie. D\u00e9sormais, le d\u00e9lai de r\u00e9clamation sera de 60 jours, ce qui permettra une \u00e9valuation plus s\u00e9rieuse des ouvrages r\u00e9ceptionn\u00e9s. Cette variante, propos\u00e9e avec mesure par le Conseil f\u00e9d\u00e9ral, s&rsquo;est impos\u00e9e face aux tentatives du Conseil national de supprimer purement et simplement les d\u00e9lais de r\u00e9clamation au profit d&rsquo;une obligation de r\u00e9duire le dommage, qui aurait \u00e9t\u00e9 valable pendant tout le d\u00e9lai de prescription.<\/p>\n\n\n\n<p>La session d&rsquo;hiver a permis d&rsquo;\u00e9liminer les derni\u00e8res divergences suivantes:<\/p>\n\n\n\n<ul>\n<li>L&rsquo;obligation de minimiser les dommages, qui s&rsquo;applique de mani\u00e8re g\u00e9n\u00e9rale aux acheteurs dans le CO, n&rsquo;est pas explicitement mentionn\u00e9e dans les articles relatifs aux d\u00e9fauts de construction, mais elle est consign\u00e9e dans le proc\u00e8s-verbal du Conseil.<\/li>\n\n\n\n<li>Une proposition individuelle du conseiller aux Etats Jakob Stark visant \u00e0 maintenir la libert\u00e9 de contrat d&rsquo;entreprise pour les entreprises conform\u00e9ment au droit en vigueur a \u00e9t\u00e9 rejet\u00e9e.<\/li>\n\n\n\n<li>Lors de l&rsquo;achat d&rsquo;un bien immobilier, le droit d&rsquo;am\u00e9lioration s&rsquo;applique aux constructions qui ont \u00e9t\u00e9 achev\u00e9es au plus t\u00f4t deux ans plus t\u00f4t, mais pas aux travaux de r\u00e9novation importants.<\/li>\n<\/ul>\n\n\n\n<p><strong>Proc\u00e9dures acc\u00e9l\u00e9r\u00e9es pour les \u00e9nergies renouvelables &#8211; un mod\u00e8le pour le logement?<\/strong><\/p>\n\n\n\n<p>Comme chacun sait, la construction de logements et l&rsquo;augmentation des \u00e9nergies renouvelables n&rsquo;avancent pas assez vite en Suisse. Pour ces derni\u00e8res, la Conf\u00e9d\u00e9ration et certains cantons sont en train d&rsquo;acc\u00e9l\u00e9rer les proc\u00e9dures. Notre secteur suit de pr\u00e8s l&rsquo;\u00e9volution de la situation dans le but d&rsquo;adapter ces approches \u00e0 la construction de logements.<\/p>\n\n\n\n<p>Ainsi, dans le cadre de la loi nationale sur l&rsquo;\u00e9nergie, le Conseil des Etats veut exclure le recours des associations contre les projets hydro\u00e9lectriques et permettre des proc\u00e9dures group\u00e9es sans demande particuli\u00e8re de plan directeur pour les installations solaires et \u00e9oliennes sur des territoires appropri\u00e9s. Le 26 novembre, le canton de Lucerne a vot\u00e9 une modification de la loi sur la planification et la construction qui raccourcit consid\u00e9rablement la proc\u00e9dure d&rsquo;approbation des plans pour les grands parcs \u00e9oliens et les \u00e9oliennes. Le canton de Zurich \u00e9value en 2025 les r\u00e9ponses \u00e0 la consultation sur un projet similaire.<\/p>\n\n\n\n<p><strong>\u00ab\u00a0Table ronde\u00a0\u00bb : s&rsquo;attaquer aux oppositions abusives<\/strong><\/p>\n\n\n\n<p>L&rsquo;une des exigences de la \u00ab\u00a0table ronde\u00a0\u00bb de l&rsquo;Office f\u00e9d\u00e9ral du logement est une \u00e9tude sur les syst\u00e8mes de recours dans le droit public de la construction. En janvier 2025, l&rsquo;OFL et l&rsquo;Office f\u00e9d\u00e9ral du d\u00e9veloppement territorial informeront le secteur de l&rsquo;\u00e9tat interm\u00e9diaire de cette \u00e9tude. D\u00e9veloppement Suisse y participera activement.<\/p>\n\n\n\n<p>L&rsquo;\u00e9tude de l&rsquo;OFL fournit, avec les rapports sur les postulats de <a href=\"https:\/\/www.parlament.ch\/fr\/ratsbetrieb\/suche-curia-vista\/geschaeft?AffairId=20233640\" target=\"_blank\" rel=\"noreferrer noopener\">Gm\u00fcr<\/a>, <a href=\"https:\/\/www.parlament.ch\/fr\/ratsbetrieb\/suche-curia-vista\/geschaeft?AffairId=20233918\" target=\"_blank\" rel=\"noreferrer noopener\">M\u00fcller<\/a> et <a href=\"https:\/\/www.parlament.ch\/fr\/ratsbetrieb\/suche-curia-vista\/geschaeft?AffairId=20243637\" target=\"_blank\" rel=\"noreferrer noopener\">Caroni<\/a>, la base de connaissances pour des interventions concr\u00e8tes contre les oppositions abusives.<\/p>\n\n\n\n<p><strong>Pas d&rsquo;activisme g\u00e9n\u00e9ralis\u00e9 contre-productif pour les PFAS<\/strong><\/p>\n\n\n\n<p>En tant que membre de Construction Suisse, ES soutient la <a href=\"https:\/\/www.constructionsuisse.ch\/fr\/news\/meldungen\/PFAS-in-der-Schweizer-Bauwirtschaft.php\" target=\"_blank\" rel=\"noreferrer noopener\">position commune de la branche<\/a> sur les PFAS. Lors de la session d&rsquo;hiver, le nombre d&rsquo;interventions et de questions parlementaires sur les PFAS a d\u00e9j\u00e0 d\u00e9pass\u00e9 la vingtaine. Tant que les bases scientifiques ne seront pas disponibles pour une utilisation proportionn\u00e9e de ces milliers de compos\u00e9s chimiques, la sensibilisation n\u00e9cessaire ne doit pas conduire \u00e0 des interdictions g\u00e9n\u00e9rales irr\u00e9alistes et anticip\u00e9es<\/p>\n\n\n\n<p>Nous restons \u00e0 l&rsquo;\u00e9coute pour vous &#8211; vous trouverez r\u00e9guli\u00e8rement des informations actuelles sur notre <a href=\"https:\/\/www.linkedin.com\/company\/12680081\/admin\/dashboard\/\">canal LinkedIn<\/a>, y compris entre les sessions.<\/p>\n\n\n\n<p>Salutations amicales<\/p>\n\n\n\n<p>Karin B\u00fchrer<\/p>\n\n\n\n<p><\/p>\n","protected":false},"excerpt":{"rendered":"<p>Chers membres et partenaires associ\u00e9s Le pr\u00e9sident de notre comit\u00e9, Martin Schmid, proposera une r\u00e9trospective exclusive de la session d&rsquo;hiver le 23 d\u00e9cembre dans le cadre de la deuxi\u00e8me \u00ab\u00a0Session Unplugged\u00a0\u00bb. Dans cette newsletter, nous r\u00e9sumons pour vous de mani\u00e8re compacte les \u00e9v\u00e9nements politiques les plus importants pour la branche, \u00e0 l&rsquo;int\u00e9rieur et \u00e0 l&rsquo;ext\u00e9rieur [&hellip;]<\/p>\n","protected":false},"author":8,"featured_media":1424,"comment_status":"closed","ping_status":"open","sticky":false,"template":"","format":"standard","meta":{"_acf_changed":false,"inline_featured_image":false,"_themeisle_gutenberg_block_has_review":false,"footnotes":""},"categories":[58,57],"tags":[],"acf":[],"yoast_head":"<!-- This site is optimized with the Yoast SEO Premium plugin v22.7 (Yoast SEO v22.7) - https:\/\/yoast.com\/wordpress\/plugins\/seo\/ -->\n<title>Session d&#039;hiver - Entwicklung Schweiz<\/title>\n<meta name=\"robots\" content=\"index, follow, max-snippet:-1, max-image-preview:large, max-video-preview:-1\" \/>\n<link rel=\"canonical\" href=\"https:\/\/entwicklung-schweiz.ch\/fr\/session-dhiver\/\" \/>\n<meta property=\"og:locale\" content=\"fr_FR\" \/>\n<meta property=\"og:type\" content=\"article\" \/>\n<meta property=\"og:title\" content=\"Session d&#039;hiver\" \/>\n<meta property=\"og:description\" content=\"Chers membres et partenaires associ\u00e9s Le pr\u00e9sident de notre comit\u00e9, Martin Schmid, proposera une r\u00e9trospective exclusive de la session d&rsquo;hiver le 23 d\u00e9cembre dans le cadre de la deuxi\u00e8me \u00ab\u00a0Session Unplugged\u00a0\u00bb. Dans cette newsletter, nous r\u00e9sumons pour vous de mani\u00e8re compacte les \u00e9v\u00e9nements politiques les plus importants pour la branche, \u00e0 l&rsquo;int\u00e9rieur et \u00e0 l&rsquo;ext\u00e9rieur [&hellip;]\" \/>\n<meta property=\"og:url\" content=\"https:\/\/entwicklung-schweiz.ch\/fr\/session-dhiver\/\" \/>\n<meta property=\"og:site_name\" content=\"Entwicklung Schweiz\" \/>\n<meta property=\"article:published_time\" content=\"2024-12-20T11:53:15+00:00\" \/>\n<meta property=\"article:modified_time\" content=\"2024-12-20T11:53:16+00:00\" \/>\n<meta property=\"og:image\" content=\"https:\/\/entwicklung-schweiz.ch\/wp-content\/uploads\/2024\/02\/AdobeStock_207802400-2-1200x800.png\" \/>\n\t<meta property=\"og:image:width\" content=\"1200\" \/>\n\t<meta property=\"og:image:height\" content=\"800\" \/>\n\t<meta property=\"og:image:type\" content=\"image\/png\" \/>\n<meta name=\"author\" content=\"Rahel B\u00fcrgi\" \/>\n<meta name=\"twitter:card\" content=\"summary_large_image\" \/>\n<meta name=\"twitter:label1\" content=\"\u00c9crit par\" \/>\n\t<meta name=\"twitter:data1\" content=\"Rahel B\u00fcrgi\" \/>\n\t<meta name=\"twitter:label2\" content=\"Dur\u00e9e de lecture estim\u00e9e\" \/>\n\t<meta name=\"twitter:data2\" content=\"5 minutes\" \/>\n<script type=\"application\/ld+json\" class=\"yoast-schema-graph\">{\"@context\":\"https:\/\/schema.org\",\"@graph\":[{\"@type\":\"Article\",\"@id\":\"https:\/\/entwicklung-schweiz.ch\/fr\/session-dhiver\/#article\",\"isPartOf\":{\"@id\":\"https:\/\/entwicklung-schweiz.ch\/fr\/session-dhiver\/\"},\"author\":{\"name\":\"Rahel B\u00fcrgi\",\"@id\":\"https:\/\/entwicklung-schweiz.ch\/#\/schema\/person\/dc7b9eb50eaef8a6fd892dbcbcde1bc8\"},\"headline\":\"Session d&rsquo;hiver\",\"datePublished\":\"2024-12-20T11:53:15+00:00\",\"dateModified\":\"2024-12-20T11:53:16+00:00\",\"mainEntityOfPage\":{\"@id\":\"https:\/\/entwicklung-schweiz.ch\/fr\/session-dhiver\/\"},\"wordCount\":821,\"publisher\":{\"@id\":\"https:\/\/entwicklung-schweiz.ch\/#organization\"},\"image\":{\"@id\":\"https:\/\/entwicklung-schweiz.ch\/fr\/session-dhiver\/#primaryimage\"},\"thumbnailUrl\":\"https:\/\/entwicklung-schweiz.ch\/wp-content\/uploads\/2024\/02\/AdobeStock_207802400-2.png\",\"articleSection\":[\"Association\",\"Politique\"],\"inLanguage\":\"fr-FR\"},{\"@type\":\"WebPage\",\"@id\":\"https:\/\/entwicklung-schweiz.ch\/fr\/session-dhiver\/\",\"url\":\"https:\/\/entwicklung-schweiz.ch\/fr\/session-dhiver\/\",\"name\":\"Session d'hiver - Entwicklung Schweiz\",\"isPartOf\":{\"@id\":\"https:\/\/entwicklung-schweiz.ch\/#website\"},\"primaryImageOfPage\":{\"@id\":\"https:\/\/entwicklung-schweiz.ch\/fr\/session-dhiver\/#primaryimage\"},\"image\":{\"@id\":\"https:\/\/entwicklung-schweiz.ch\/fr\/session-dhiver\/#primaryimage\"},\"thumbnailUrl\":\"https:\/\/entwicklung-schweiz.ch\/wp-content\/uploads\/2024\/02\/AdobeStock_207802400-2.png\",\"datePublished\":\"2024-12-20T11:53:15+00:00\",\"dateModified\":\"2024-12-20T11:53:16+00:00\",\"breadcrumb\":{\"@id\":\"https:\/\/entwicklung-schweiz.ch\/fr\/session-dhiver\/#breadcrumb\"},\"inLanguage\":\"fr-FR\",\"potentialAction\":[{\"@type\":\"ReadAction\",\"target\":[\"https:\/\/entwicklung-schweiz.ch\/fr\/session-dhiver\/\"]}]},{\"@type\":\"ImageObject\",\"inLanguage\":\"fr-FR\",\"@id\":\"https:\/\/entwicklung-schweiz.ch\/fr\/session-dhiver\/#primaryimage\",\"url\":\"https:\/\/entwicklung-schweiz.ch\/wp-content\/uploads\/2024\/02\/AdobeStock_207802400-2.png\",\"contentUrl\":\"https:\/\/entwicklung-schweiz.ch\/wp-content\/uploads\/2024\/02\/AdobeStock_207802400-2.png\",\"width\":1863,\"height\":1242},{\"@type\":\"BreadcrumbList\",\"@id\":\"https:\/\/entwicklung-schweiz.ch\/fr\/session-dhiver\/#breadcrumb\",\"itemListElement\":[{\"@type\":\"ListItem\",\"position\":1,\"name\":\"Home\",\"item\":\"https:\/\/entwicklung-schweiz.ch\/fr\/\"},{\"@type\":\"ListItem\",\"position\":2,\"name\":\"Session d&#8217;hiver\"}]},{\"@type\":\"WebSite\",\"@id\":\"https:\/\/entwicklung-schweiz.ch\/#website\",\"url\":\"https:\/\/entwicklung-schweiz.ch\/\",\"name\":\"Entwicklung Schweiz\",\"description\":\"\",\"publisher\":{\"@id\":\"https:\/\/entwicklung-schweiz.ch\/#organization\"},\"potentialAction\":[{\"@type\":\"SearchAction\",\"target\":{\"@type\":\"EntryPoint\",\"urlTemplate\":\"https:\/\/entwicklung-schweiz.ch\/?s={search_term_string}\"},\"query-input\":\"required name=search_term_string\"}],\"inLanguage\":\"fr-FR\"},{\"@type\":\"Organization\",\"@id\":\"https:\/\/entwicklung-schweiz.ch\/#organization\",\"name\":\"Entwicklung Schweiz\",\"url\":\"https:\/\/entwicklung-schweiz.ch\/\",\"logo\":{\"@type\":\"ImageObject\",\"inLanguage\":\"fr-FR\",\"@id\":\"https:\/\/entwicklung-schweiz.ch\/#\/schema\/logo\/image\/\",\"url\":\"https:\/\/entwicklung-schweiz.ch\/wp-content\/uploads\/2024\/02\/Logo_colors.svg\",\"contentUrl\":\"https:\/\/entwicklung-schweiz.ch\/wp-content\/uploads\/2024\/02\/Logo_colors.svg\",\"width\":243,\"height\":49,\"caption\":\"Entwicklung Schweiz\"},\"image\":{\"@id\":\"https:\/\/entwicklung-schweiz.ch\/#\/schema\/logo\/image\/\"}},{\"@type\":\"Person\",\"@id\":\"https:\/\/entwicklung-schweiz.ch\/#\/schema\/person\/dc7b9eb50eaef8a6fd892dbcbcde1bc8\",\"name\":\"Rahel B\u00fcrgi\",\"image\":{\"@type\":\"ImageObject\",\"inLanguage\":\"fr-FR\",\"@id\":\"https:\/\/entwicklung-schweiz.ch\/#\/schema\/person\/image\/\",\"url\":\"https:\/\/secure.gravatar.com\/avatar\/f4556c23b1d84678344b528363e89a23?s=96&d=mm&r=g\",\"contentUrl\":\"https:\/\/secure.gravatar.com\/avatar\/f4556c23b1d84678344b528363e89a23?s=96&d=mm&r=g\",\"caption\":\"Rahel B\u00fcrgi\"}}]}<\/script>\n<!-- \/ Yoast SEO Premium plugin. -->","yoast_head_json":{"title":"Session d'hiver - Entwicklung Schweiz","robots":{"index":"index","follow":"follow","max-snippet":"max-snippet:-1","max-image-preview":"max-image-preview:large","max-video-preview":"max-video-preview:-1"},"canonical":"https:\/\/entwicklung-schweiz.ch\/fr\/session-dhiver\/","og_locale":"fr_FR","og_type":"article","og_title":"Session d'hiver","og_description":"Chers membres et partenaires associ\u00e9s Le pr\u00e9sident de notre comit\u00e9, Martin Schmid, proposera une r\u00e9trospective exclusive de la session d&rsquo;hiver le 23 d\u00e9cembre dans le cadre de la deuxi\u00e8me \u00ab\u00a0Session Unplugged\u00a0\u00bb. Dans cette newsletter, nous r\u00e9sumons pour vous de mani\u00e8re compacte les \u00e9v\u00e9nements politiques les plus importants pour la branche, \u00e0 l&rsquo;int\u00e9rieur et \u00e0 l&rsquo;ext\u00e9rieur [&hellip;]","og_url":"https:\/\/entwicklung-schweiz.ch\/fr\/session-dhiver\/","og_site_name":"Entwicklung Schweiz","article_published_time":"2024-12-20T11:53:15+00:00","article_modified_time":"2024-12-20T11:53:16+00:00","og_image":[{"width":1200,"height":800,"url":"https:\/\/entwicklung-schweiz.ch\/wp-content\/uploads\/2024\/02\/AdobeStock_207802400-2-1200x800.png","type":"image\/png"}],"author":"Rahel B\u00fcrgi","twitter_card":"summary_large_image","twitter_misc":{"\u00c9crit par":"Rahel B\u00fcrgi","Dur\u00e9e de lecture estim\u00e9e":"5 minutes"},"schema":{"@context":"https:\/\/schema.org","@graph":[{"@type":"Article","@id":"https:\/\/entwicklung-schweiz.ch\/fr\/session-dhiver\/#article","isPartOf":{"@id":"https:\/\/entwicklung-schweiz.ch\/fr\/session-dhiver\/"},"author":{"name":"Rahel B\u00fcrgi","@id":"https:\/\/entwicklung-schweiz.ch\/#\/schema\/person\/dc7b9eb50eaef8a6fd892dbcbcde1bc8"},"headline":"Session d&rsquo;hiver","datePublished":"2024-12-20T11:53:15+00:00","dateModified":"2024-12-20T11:53:16+00:00","mainEntityOfPage":{"@id":"https:\/\/entwicklung-schweiz.ch\/fr\/session-dhiver\/"},"wordCount":821,"publisher":{"@id":"https:\/\/entwicklung-schweiz.ch\/#organization"},"image":{"@id":"https:\/\/entwicklung-schweiz.ch\/fr\/session-dhiver\/#primaryimage"},"thumbnailUrl":"https:\/\/entwicklung-schweiz.ch\/wp-content\/uploads\/2024\/02\/AdobeStock_207802400-2.png","articleSection":["Association","Politique"],"inLanguage":"fr-FR"},{"@type":"WebPage","@id":"https:\/\/entwicklung-schweiz.ch\/fr\/session-dhiver\/","url":"https:\/\/entwicklung-schweiz.ch\/fr\/session-dhiver\/","name":"Session d'hiver - Entwicklung Schweiz","isPartOf":{"@id":"https:\/\/entwicklung-schweiz.ch\/#website"},"primaryImageOfPage":{"@id":"https:\/\/entwicklung-schweiz.ch\/fr\/session-dhiver\/#primaryimage"},"image":{"@id":"https:\/\/entwicklung-schweiz.ch\/fr\/session-dhiver\/#primaryimage"},"thumbnailUrl":"https:\/\/entwicklung-schweiz.ch\/wp-content\/uploads\/2024\/02\/AdobeStock_207802400-2.png","datePublished":"2024-12-20T11:53:15+00:00","dateModified":"2024-12-20T11:53:16+00:00","breadcrumb":{"@id":"https:\/\/entwicklung-schweiz.ch\/fr\/session-dhiver\/#breadcrumb"},"inLanguage":"fr-FR","potentialAction":[{"@type":"ReadAction","target":["https:\/\/entwicklung-schweiz.ch\/fr\/session-dhiver\/"]}]},{"@type":"ImageObject","inLanguage":"fr-FR","@id":"https:\/\/entwicklung-schweiz.ch\/fr\/session-dhiver\/#primaryimage","url":"https:\/\/entwicklung-schweiz.ch\/wp-content\/uploads\/2024\/02\/AdobeStock_207802400-2.png","contentUrl":"https:\/\/entwicklung-schweiz.ch\/wp-content\/uploads\/2024\/02\/AdobeStock_207802400-2.png","width":1863,"height":1242},{"@type":"BreadcrumbList","@id":"https:\/\/entwicklung-schweiz.ch\/fr\/session-dhiver\/#breadcrumb","itemListElement":[{"@type":"ListItem","position":1,"name":"Home","item":"https:\/\/entwicklung-schweiz.ch\/fr\/"},{"@type":"ListItem","position":2,"name":"Session d&#8217;hiver"}]},{"@type":"WebSite","@id":"https:\/\/entwicklung-schweiz.ch\/#website","url":"https:\/\/entwicklung-schweiz.ch\/","name":"Entwicklung Schweiz","description":"","publisher":{"@id":"https:\/\/entwicklung-schweiz.ch\/#organization"},"potentialAction":[{"@type":"SearchAction","target":{"@type":"EntryPoint","urlTemplate":"https:\/\/entwicklung-schweiz.ch\/?s={search_term_string}"},"query-input":"required name=search_term_string"}],"inLanguage":"fr-FR"},{"@type":"Organization","@id":"https:\/\/entwicklung-schweiz.ch\/#organization","name":"Entwicklung Schweiz","url":"https:\/\/entwicklung-schweiz.ch\/","logo":{"@type":"ImageObject","inLanguage":"fr-FR","@id":"https:\/\/entwicklung-schweiz.ch\/#\/schema\/logo\/image\/","url":"https:\/\/entwicklung-schweiz.ch\/wp-content\/uploads\/2024\/02\/Logo_colors.svg","contentUrl":"https:\/\/entwicklung-schweiz.ch\/wp-content\/uploads\/2024\/02\/Logo_colors.svg","width":243,"height":49,"caption":"Entwicklung Schweiz"},"image":{"@id":"https:\/\/entwicklung-schweiz.ch\/#\/schema\/logo\/image\/"}},{"@type":"Person","@id":"https:\/\/entwicklung-schweiz.ch\/#\/schema\/person\/dc7b9eb50eaef8a6fd892dbcbcde1bc8","name":"Rahel B\u00fcrgi","image":{"@type":"ImageObject","inLanguage":"fr-FR","@id":"https:\/\/entwicklung-schweiz.ch\/#\/schema\/person\/image\/","url":"https:\/\/secure.gravatar.com\/avatar\/f4556c23b1d84678344b528363e89a23?s=96&d=mm&r=g","contentUrl":"https:\/\/secure.gravatar.com\/avatar\/f4556c23b1d84678344b528363e89a23?s=96&d=mm&r=g","caption":"Rahel B\u00fcrgi"}}]}},"_links":{"self":[{"href":"https:\/\/entwicklung-schweiz.ch\/fr\/wp-json\/wp\/v2\/posts\/2324"}],"collection":[{"href":"https:\/\/entwicklung-schweiz.ch\/fr\/wp-json\/wp\/v2\/posts"}],"about":[{"href":"https:\/\/entwicklung-schweiz.ch\/fr\/wp-json\/wp\/v2\/types\/post"}],"author":[{"embeddable":true,"href":"https:\/\/entwicklung-schweiz.ch\/fr\/wp-json\/wp\/v2\/users\/8"}],"replies":[{"embeddable":true,"href":"https:\/\/entwicklung-schweiz.ch\/fr\/wp-json\/wp\/v2\/comments?post=2324"}],"version-history":[{"count":1,"href":"https:\/\/entwicklung-schweiz.ch\/fr\/wp-json\/wp\/v2\/posts\/2324\/revisions"}],"predecessor-version":[{"id":2325,"href":"https:\/\/entwicklung-schweiz.ch\/fr\/wp-json\/wp\/v2\/posts\/2324\/revisions\/2325"}],"wp:featuredmedia":[{"embeddable":true,"href":"https:\/\/entwicklung-schweiz.ch\/fr\/wp-json\/wp\/v2\/media\/1424"}],"wp:attachment":[{"href":"https:\/\/entwicklung-schweiz.ch\/fr\/wp-json\/wp\/v2\/media?parent=2324"}],"wp:term":[{"taxonomy":"category","embeddable":true,"href":"https:\/\/entwicklung-schweiz.ch\/fr\/wp-json\/wp\/v2\/categories?post=2324"},{"taxonomy":"post_tag","embeddable":true,"href":"https:\/\/entwicklung-schweiz.ch\/fr\/wp-json\/wp\/v2\/tags?post=2324"}],"curies":[{"name":"wp","href":"https:\/\/api.w.org\/{rel}","templated":true}]}}