{"id":2409,"date":"2025-02-17T15:04:18","date_gmt":"2025-02-17T14:04:18","guid":{"rendered":"https:\/\/entwicklung-schweiz.ch\/?p=2409"},"modified":"2025-02-17T15:04:20","modified_gmt":"2025-02-17T14:04:20","slug":"un-magnifique-leaders-lunch-2025-a-berne","status":"publish","type":"post","link":"https:\/\/entwicklung-schweiz.ch\/fr\/un-magnifique-leaders-lunch-2025-a-berne\/","title":{"rendered":"Un magnifique Leaders Lunch 2025 \u00e0 Berne"},"content":{"rendered":"\n<p>C&rsquo;est dans la belle ville de Berne que les professionnels du monde de la construction et de l&rsquo;immobilier se sont rencontr\u00e9s le 22 janvier 2025 et ont \u00e9chang\u00e9 lors d&rsquo;un d\u00e9jeuner commun &#8211; sur l&rsquo;expos\u00e9 de Sebastian Zollinger et Matthias Catto sur la r\u00e9novation durable et bien plus encore. Nous nous engageons \u00e0 faire entendre la voix du secteur de la construction dans le monde politique et appr\u00e9cions beaucoup les pr\u00e9cieux apports et le soutien \u00ab du front \u00bb. Nous nous r\u00e9jouissons d\u00e9j\u00e0 de notre prochain \u00e9v\u00e9nement. Si vous souhaitez y participer, n&rsquo;h\u00e9sitez pas \u00e0 nous contacter directement.<\/p>\n","protected":false},"excerpt":{"rendered":"<p>C&rsquo;est dans la belle ville de Berne que les professionnels du monde de la construction et de l&rsquo;immobilier se sont rencontr\u00e9s le 22 janvier 2025 et ont \u00e9chang\u00e9 lors d&rsquo;un d\u00e9jeuner commun &#8211; sur l&rsquo;expos\u00e9 de Sebastian Zollinger et Matthias Catto sur la r\u00e9novation durable et bien plus encore. Nous nous engageons \u00e0 faire entendre [&hellip;]<\/p>\n","protected":false},"author":8,"featured_media":2407,"comment_status":"closed","ping_status":"open","sticky":false,"template":"","format":"standard","meta":{"_acf_changed":false,"inline_featured_image":false,"_themeisle_gutenberg_block_has_review":false,"footnotes":""},"categories":[58],"tags":[],"acf":[],"yoast_head":"<!-- This site is optimized with the Yoast SEO Premium plugin v22.7 (Yoast SEO v22.7) - https:\/\/yoast.com\/wordpress\/plugins\/seo\/ -->\n<title>Un magnifique Leaders Lunch 2025 \u00e0 Berne - Entwicklung Schweiz<\/title>\n<meta name=\"robots\" content=\"index, follow, max-snippet:-1, max-image-preview:large, max-video-preview:-1\" \/>\n<link rel=\"canonical\" href=\"https:\/\/entwicklung-schweiz.ch\/fr\/un-magnifique-leaders-lunch-2025-a-berne\/\" \/>\n<meta property=\"og:locale\" content=\"fr_FR\" \/>\n<meta property=\"og:type\" content=\"article\" \/>\n<meta property=\"og:title\" content=\"Un magnifique Leaders Lunch 2025 \u00e0 Berne\" \/>\n<meta property=\"og:description\" content=\"C&rsquo;est dans la belle ville de Berne que les professionnels du monde de la construction et de l&rsquo;immobilier se sont rencontr\u00e9s le 22 janvier 2025 et ont \u00e9chang\u00e9 lors d&rsquo;un d\u00e9jeuner commun &#8211; sur l&rsquo;expos\u00e9 de Sebastian Zollinger et Matthias Catto sur la r\u00e9novation durable et bien plus encore. Nous nous engageons \u00e0 faire entendre [&hellip;]\" \/>\n<meta property=\"og:url\" content=\"https:\/\/entwicklung-schweiz.ch\/fr\/un-magnifique-leaders-lunch-2025-a-berne\/\" \/>\n<meta property=\"og:site_name\" content=\"Entwicklung Schweiz\" \/>\n<meta property=\"article:published_time\" content=\"2025-02-17T14:04:18+00:00\" \/>\n<meta property=\"article:modified_time\" content=\"2025-02-17T14:04:20+00:00\" \/>\n<meta property=\"og:image\" content=\"https:\/\/entwicklung-schweiz.ch\/wp-content\/uploads\/2025\/02\/LL-1.jpg\" \/>\n\t<meta property=\"og:image:width\" content=\"640\" \/>\n\t<meta property=\"og:image:height\" content=\"480\" \/>\n\t<meta property=\"og:image:type\" content=\"image\/jpeg\" \/>\n<meta name=\"author\" content=\"Rahel B\u00fcrgi\" \/>\n<meta name=\"twitter:card\" content=\"summary_large_image\" \/>\n<meta name=\"twitter:label1\" content=\"\u00c9crit par\" \/>\n\t<meta name=\"twitter:data1\" content=\"Rahel B\u00fcrgi\" \/>\n\t<meta name=\"twitter:label2\" content=\"Dur\u00e9e de lecture estim\u00e9e\" \/>\n\t<meta name=\"twitter:data2\" content=\"1 minute\" \/>\n<script type=\"application\/ld+json\" class=\"yoast-schema-graph\">{\"@context\":\"https:\/\/schema.org\",\"@graph\":[{\"@type\":\"Article\",\"@id\":\"https:\/\/entwicklung-schweiz.ch\/fr\/un-magnifique-leaders-lunch-2025-a-berne\/#article\",\"isPartOf\":{\"@id\":\"https:\/\/entwicklung-schweiz.ch\/fr\/un-magnifique-leaders-lunch-2025-a-berne\/\"},\"author\":{\"name\":\"Rahel B\u00fcrgi\",\"@id\":\"https:\/\/entwicklung-schweiz.ch\/#\/schema\/person\/dc7b9eb50eaef8a6fd892dbcbcde1bc8\"},\"headline\":\"Un magnifique Leaders Lunch 2025 \u00e0 Berne\",\"datePublished\":\"2025-02-17T14:04:18+00:00\",\"dateModified\":\"2025-02-17T14:04:20+00:00\",\"mainEntityOfPage\":{\"@id\":\"https:\/\/entwicklung-schweiz.ch\/fr\/un-magnifique-leaders-lunch-2025-a-berne\/\"},\"wordCount\":106,\"publisher\":{\"@id\":\"https:\/\/entwicklung-schweiz.ch\/#organization\"},\"image\":{\"@id\":\"https:\/\/entwicklung-schweiz.ch\/fr\/un-magnifique-leaders-lunch-2025-a-berne\/#primaryimage\"},\"thumbnailUrl\":\"https:\/\/entwicklung-schweiz.ch\/wp-content\/uploads\/2025\/02\/LL-1.jpg\",\"articleSection\":[\"Association\"],\"inLanguage\":\"fr-FR\"},{\"@type\":\"WebPage\",\"@id\":\"https:\/\/entwicklung-schweiz.ch\/fr\/un-magnifique-leaders-lunch-2025-a-berne\/\",\"url\":\"https:\/\/entwicklung-schweiz.ch\/fr\/un-magnifique-leaders-lunch-2025-a-berne\/\",\"name\":\"Un magnifique Leaders Lunch 2025 \u00e0 Berne - Entwicklung Schweiz\",\"isPartOf\":{\"@id\":\"https:\/\/entwicklung-schweiz.ch\/#website\"},\"primaryImageOfPage\":{\"@id\":\"https:\/\/entwicklung-schweiz.ch\/fr\/un-magnifique-leaders-lunch-2025-a-berne\/#primaryimage\"},\"image\":{\"@id\":\"https:\/\/entwicklung-schweiz.ch\/fr\/un-magnifique-leaders-lunch-2025-a-berne\/#primaryimage\"},\"thumbnailUrl\":\"https:\/\/entwicklung-schweiz.ch\/wp-content\/uploads\/2025\/02\/LL-1.jpg\",\"datePublished\":\"2025-02-17T14:04:18+00:00\",\"dateModified\":\"2025-02-17T14:04:20+00:00\",\"breadcrumb\":{\"@id\":\"https:\/\/entwicklung-schweiz.ch\/fr\/un-magnifique-leaders-lunch-2025-a-berne\/#breadcrumb\"},\"inLanguage\":\"fr-FR\",\"potentialAction\":[{\"@type\":\"ReadAction\",\"target\":[\"https:\/\/entwicklung-schweiz.ch\/fr\/un-magnifique-leaders-lunch-2025-a-berne\/\"]}]},{\"@type\":\"ImageObject\",\"inLanguage\":\"fr-FR\",\"@id\":\"https:\/\/entwicklung-schweiz.ch\/fr\/un-magnifique-leaders-lunch-2025-a-berne\/#primaryimage\",\"url\":\"https:\/\/entwicklung-schweiz.ch\/wp-content\/uploads\/2025\/02\/LL-1.jpg\",\"contentUrl\":\"https:\/\/entwicklung-schweiz.ch\/wp-content\/uploads\/2025\/02\/LL-1.jpg\",\"width\":640,\"height\":480},{\"@type\":\"BreadcrumbList\",\"@id\":\"https:\/\/entwicklung-schweiz.ch\/fr\/un-magnifique-leaders-lunch-2025-a-berne\/#breadcrumb\",\"itemListElement\":[{\"@type\":\"ListItem\",\"position\":1,\"name\":\"Home\",\"item\":\"https:\/\/entwicklung-schweiz.ch\/fr\/\"},{\"@type\":\"ListItem\",\"position\":2,\"name\":\"Un magnifique Leaders Lunch 2025 \u00e0 Berne\"}]},{\"@type\":\"WebSite\",\"@id\":\"https:\/\/entwicklung-schweiz.ch\/#website\",\"url\":\"https:\/\/entwicklung-schweiz.ch\/\",\"name\":\"Entwicklung Schweiz\",\"description\":\"\",\"publisher\":{\"@id\":\"https:\/\/entwicklung-schweiz.ch\/#organization\"},\"potentialAction\":[{\"@type\":\"SearchAction\",\"target\":{\"@type\":\"EntryPoint\",\"urlTemplate\":\"https:\/\/entwicklung-schweiz.ch\/?s={search_term_string}\"},\"query-input\":\"required name=search_term_string\"}],\"inLanguage\":\"fr-FR\"},{\"@type\":\"Organization\",\"@id\":\"https:\/\/entwicklung-schweiz.ch\/#organization\",\"name\":\"Entwicklung Schweiz\",\"url\":\"https:\/\/entwicklung-schweiz.ch\/\",\"logo\":{\"@type\":\"ImageObject\",\"inLanguage\":\"fr-FR\",\"@id\":\"https:\/\/entwicklung-schweiz.ch\/#\/schema\/logo\/image\/\",\"url\":\"https:\/\/entwicklung-schweiz.ch\/wp-content\/uploads\/2024\/02\/Logo_colors.svg\",\"contentUrl\":\"https:\/\/entwicklung-schweiz.ch\/wp-content\/uploads\/2024\/02\/Logo_colors.svg\",\"width\":243,\"height\":49,\"caption\":\"Entwicklung Schweiz\"},\"image\":{\"@id\":\"https:\/\/entwicklung-schweiz.ch\/#\/schema\/logo\/image\/\"}},{\"@type\":\"Person\",\"@id\":\"https:\/\/entwicklung-schweiz.ch\/#\/schema\/person\/dc7b9eb50eaef8a6fd892dbcbcde1bc8\",\"name\":\"Rahel B\u00fcrgi\",\"image\":{\"@type\":\"ImageObject\",\"inLanguage\":\"fr-FR\",\"@id\":\"https:\/\/entwicklung-schweiz.ch\/#\/schema\/person\/image\/\",\"url\":\"https:\/\/secure.gravatar.com\/avatar\/f4556c23b1d84678344b528363e89a23?s=96&d=mm&r=g\",\"contentUrl\":\"https:\/\/secure.gravatar.com\/avatar\/f4556c23b1d84678344b528363e89a23?s=96&d=mm&r=g\",\"caption\":\"Rahel B\u00fcrgi\"}}]}<\/script>\n<!-- \/ Yoast SEO Premium plugin. -->","yoast_head_json":{"title":"Un magnifique Leaders Lunch 2025 \u00e0 Berne - Entwicklung Schweiz","robots":{"index":"index","follow":"follow","max-snippet":"max-snippet:-1","max-image-preview":"max-image-preview:large","max-video-preview":"max-video-preview:-1"},"canonical":"https:\/\/entwicklung-schweiz.ch\/fr\/un-magnifique-leaders-lunch-2025-a-berne\/","og_locale":"fr_FR","og_type":"article","og_title":"Un magnifique Leaders Lunch 2025 \u00e0 Berne","og_description":"C&rsquo;est dans la belle ville de Berne que les professionnels du monde de la construction et de l&rsquo;immobilier se sont rencontr\u00e9s le 22 janvier 2025 et ont \u00e9chang\u00e9 lors d&rsquo;un d\u00e9jeuner commun &#8211; sur l&rsquo;expos\u00e9 de Sebastian Zollinger et Matthias Catto sur la r\u00e9novation durable et bien plus encore. Nous nous engageons \u00e0 faire entendre [&hellip;]","og_url":"https:\/\/entwicklung-schweiz.ch\/fr\/un-magnifique-leaders-lunch-2025-a-berne\/","og_site_name":"Entwicklung Schweiz","article_published_time":"2025-02-17T14:04:18+00:00","article_modified_time":"2025-02-17T14:04:20+00:00","og_image":[{"width":640,"height":480,"url":"https:\/\/entwicklung-schweiz.ch\/wp-content\/uploads\/2025\/02\/LL-1.jpg","type":"image\/jpeg"}],"author":"Rahel B\u00fcrgi","twitter_card":"summary_large_image","twitter_misc":{"\u00c9crit par":"Rahel B\u00fcrgi","Dur\u00e9e de lecture estim\u00e9e":"1 minute"},"schema":{"@context":"https:\/\/schema.org","@graph":[{"@type":"Article","@id":"https:\/\/entwicklung-schweiz.ch\/fr\/un-magnifique-leaders-lunch-2025-a-berne\/#article","isPartOf":{"@id":"https:\/\/entwicklung-schweiz.ch\/fr\/un-magnifique-leaders-lunch-2025-a-berne\/"},"author":{"name":"Rahel B\u00fcrgi","@id":"https:\/\/entwicklung-schweiz.ch\/#\/schema\/person\/dc7b9eb50eaef8a6fd892dbcbcde1bc8"},"headline":"Un magnifique Leaders Lunch 2025 \u00e0 Berne","datePublished":"2025-02-17T14:04:18+00:00","dateModified":"2025-02-17T14:04:20+00:00","mainEntityOfPage":{"@id":"https:\/\/entwicklung-schweiz.ch\/fr\/un-magnifique-leaders-lunch-2025-a-berne\/"},"wordCount":106,"publisher":{"@id":"https:\/\/entwicklung-schweiz.ch\/#organization"},"image":{"@id":"https:\/\/entwicklung-schweiz.ch\/fr\/un-magnifique-leaders-lunch-2025-a-berne\/#primaryimage"},"thumbnailUrl":"https:\/\/entwicklung-schweiz.ch\/wp-content\/uploads\/2025\/02\/LL-1.jpg","articleSection":["Association"],"inLanguage":"fr-FR"},{"@type":"WebPage","@id":"https:\/\/entwicklung-schweiz.ch\/fr\/un-magnifique-leaders-lunch-2025-a-berne\/","url":"https:\/\/entwicklung-schweiz.ch\/fr\/un-magnifique-leaders-lunch-2025-a-berne\/","name":"Un magnifique Leaders Lunch 2025 \u00e0 Berne - Entwicklung Schweiz","isPartOf":{"@id":"https:\/\/entwicklung-schweiz.ch\/#website"},"primaryImageOfPage":{"@id":"https:\/\/entwicklung-schweiz.ch\/fr\/un-magnifique-leaders-lunch-2025-a-berne\/#primaryimage"},"image":{"@id":"https:\/\/entwicklung-schweiz.ch\/fr\/un-magnifique-leaders-lunch-2025-a-berne\/#primaryimage"},"thumbnailUrl":"https:\/\/entwicklung-schweiz.ch\/wp-content\/uploads\/2025\/02\/LL-1.jpg","datePublished":"2025-02-17T14:04:18+00:00","dateModified":"2025-02-17T14:04:20+00:00","breadcrumb":{"@id":"https:\/\/entwicklung-schweiz.ch\/fr\/un-magnifique-leaders-lunch-2025-a-berne\/#breadcrumb"},"inLanguage":"fr-FR","potentialAction":[{"@type":"ReadAction","target":["https:\/\/entwicklung-schweiz.ch\/fr\/un-magnifique-leaders-lunch-2025-a-berne\/"]}]},{"@type":"ImageObject","inLanguage":"fr-FR","@id":"https:\/\/entwicklung-schweiz.ch\/fr\/un-magnifique-leaders-lunch-2025-a-berne\/#primaryimage","url":"https:\/\/entwicklung-schweiz.ch\/wp-content\/uploads\/2025\/02\/LL-1.jpg","contentUrl":"https:\/\/entwicklung-schweiz.ch\/wp-content\/uploads\/2025\/02\/LL-1.jpg","width":640,"height":480},{"@type":"BreadcrumbList","@id":"https:\/\/entwicklung-schweiz.ch\/fr\/un-magnifique-leaders-lunch-2025-a-berne\/#breadcrumb","itemListElement":[{"@type":"ListItem","position":1,"name":"Home","item":"https:\/\/entwicklung-schweiz.ch\/fr\/"},{"@type":"ListItem","position":2,"name":"Un magnifique Leaders Lunch 2025 \u00e0 Berne"}]},{"@type":"WebSite","@id":"https:\/\/entwicklung-schweiz.ch\/#website","url":"https:\/\/entwicklung-schweiz.ch\/","name":"Entwicklung Schweiz","description":"","publisher":{"@id":"https:\/\/entwicklung-schweiz.ch\/#organization"},"potentialAction":[{"@type":"SearchAction","target":{"@type":"EntryPoint","urlTemplate":"https:\/\/entwicklung-schweiz.ch\/?s={search_term_string}"},"query-input":"required name=search_term_string"}],"inLanguage":"fr-FR"},{"@type":"Organization","@id":"https:\/\/entwicklung-schweiz.ch\/#organization","name":"Entwicklung Schweiz","url":"https:\/\/entwicklung-schweiz.ch\/","logo":{"@type":"ImageObject","inLanguage":"fr-FR","@id":"https:\/\/entwicklung-schweiz.ch\/#\/schema\/logo\/image\/","url":"https:\/\/entwicklung-schweiz.ch\/wp-content\/uploads\/2024\/02\/Logo_colors.svg","contentUrl":"https:\/\/entwicklung-schweiz.ch\/wp-content\/uploads\/2024\/02\/Logo_colors.svg","width":243,"height":49,"caption":"Entwicklung Schweiz"},"image":{"@id":"https:\/\/entwicklung-schweiz.ch\/#\/schema\/logo\/image\/"}},{"@type":"Person","@id":"https:\/\/entwicklung-schweiz.ch\/#\/schema\/person\/dc7b9eb50eaef8a6fd892dbcbcde1bc8","name":"Rahel B\u00fcrgi","image":{"@type":"ImageObject","inLanguage":"fr-FR","@id":"https:\/\/entwicklung-schweiz.ch\/#\/schema\/person\/image\/","url":"https:\/\/secure.gravatar.com\/avatar\/f4556c23b1d84678344b528363e89a23?s=96&d=mm&r=g","contentUrl":"https:\/\/secure.gravatar.com\/avatar\/f4556c23b1d84678344b528363e89a23?s=96&d=mm&r=g","caption":"Rahel B\u00fcrgi"}}]}},"_links":{"self":[{"href":"https:\/\/entwicklung-schweiz.ch\/fr\/wp-json\/wp\/v2\/posts\/2409"}],"collection":[{"href":"https:\/\/entwicklung-schweiz.ch\/fr\/wp-json\/wp\/v2\/posts"}],"about":[{"href":"https:\/\/entwicklung-schweiz.ch\/fr\/wp-json\/wp\/v2\/types\/post"}],"author":[{"embeddable":true,"href":"https:\/\/entwicklung-schweiz.ch\/fr\/wp-json\/wp\/v2\/users\/8"}],"replies":[{"embeddable":true,"href":"https:\/\/entwicklung-schweiz.ch\/fr\/wp-json\/wp\/v2\/comments?post=2409"}],"version-history":[{"count":1,"href":"https:\/\/entwicklung-schweiz.ch\/fr\/wp-json\/wp\/v2\/posts\/2409\/revisions"}],"predecessor-version":[{"id":2410,"href":"https:\/\/entwicklung-schweiz.ch\/fr\/wp-json\/wp\/v2\/posts\/2409\/revisions\/2410"}],"wp:featuredmedia":[{"embeddable":true,"href":"https:\/\/entwicklung-schweiz.ch\/fr\/wp-json\/wp\/v2\/media\/2407"}],"wp:attachment":[{"href":"https:\/\/entwicklung-schweiz.ch\/fr\/wp-json\/wp\/v2\/media?parent=2409"}],"wp:term":[{"taxonomy":"category","embeddable":true,"href":"https:\/\/entwicklung-schweiz.ch\/fr\/wp-json\/wp\/v2\/categories?post=2409"},{"taxonomy":"post_tag","embeddable":true,"href":"https:\/\/entwicklung-schweiz.ch\/fr\/wp-json\/wp\/v2\/tags?post=2409"}],"curies":[{"name":"wp","href":"https:\/\/api.w.org\/{rel}","templated":true}]}}