{"id":3036,"date":"2025-07-04T09:50:54","date_gmt":"2025-07-04T07:50:54","guid":{"rendered":"https:\/\/entwicklung-schweiz.ch\/?p=3036"},"modified":"2025-07-04T09:54:13","modified_gmt":"2025-07-04T07:54:13","slug":"reduire-le-risque-dincendie-sur-les-chantiers-coup-de-projecteur-sur-les-mesures-preventives","status":"publish","type":"post","link":"https:\/\/entwicklung-schweiz.ch\/fr\/reduire-le-risque-dincendie-sur-les-chantiers-coup-de-projecteur-sur-les-mesures-preventives\/","title":{"rendered":"R\u00e9duire le risque d\u2019incendie sur les chantiers\u00a0: coup de projecteur sur les mesures pr\u00e9ventives"},"content":{"rendered":"\n<p>Les incendies sont fr\u00e9quents sur les chantiers. Dans bon nombre de cas, un comportement n\u00e9gligent ou imprudent en est la cause. De nombreuses t\u00e2ches repr\u00e9sentent un risque d\u2019incendie important sur les chantiers. Mais \u00e9galement des facteurs g\u00e9n\u00e9raux, comme la pression induite par les d\u00e9lais et le budget, augmentent le risque d\u2019incendie. Les mesures pr\u00e9ventives constituent donc une pr\u00e9occupation centrale. Le guide de protection incendie \u00ab\u00a0Pr\u00e9vention incendie sur les chantiers\u00a0\u00bb offre un aper\u00e7u des mesures \u00e0 prendre.<\/p>\n\n\n\n<p>Au d\u00e9but du mois d\u2019avril\u00a02025, un incendie s\u2019est d\u00e9clar\u00e9 sur un chantier \u00e0 Stein\u00a0am\u00a0Rhein. Des travaux de soudage de bitume seraient \u00e0 l\u2019origine du d\u00e9part de feu. Des mat\u00e9riaux d\u2019isolation soud\u00e9s, entrepos\u00e9s derri\u00e8re un mur dans un film plastique ont pris feu. Le feu s\u2019est ensuite propag\u00e9 \u00e0 d\u2019autres mat\u00e9riaux de construction. Cet incendie a occasionn\u00e9 des d\u00e9g\u00e2ts mat\u00e9riels importants sur le chantier et endommag\u00e9 des mat\u00e9riaux de construction et des appareils.<\/p>\n\n\n\n<p>Les travaux de soudage comptent parmi les t\u00e2ches les plus susceptibles de provoquer des incendies. Outre ces facteurs, des manquements en mati\u00e8re de planification et d\u2019organisation peuvent \u00e9galement compromettre une ex\u00e9cution soigneuse des travaux et favoriser les incendies. Parmi les causes de ces manquements, il y a notamment des d\u00e9lais et des budgets serr\u00e9s \u00e0 respecter, un personnel insuffisamment form\u00e9 ou le d\u00e9sordre.<\/p>\n\n\n\n<p><strong>Source de danger \u00ab\u00a0D\u00e9lais et co\u00fbts\u00a0\u00bb <\/strong><\/p>\n\n\n\n<p>La pression induite par la n\u00e9cessit\u00e9 de respecter les d\u00e9lais et le budget peut inciter \u00e0 renoncer aux pr\u00e9cautions requises dans le cadre de l\u2019ex\u00e9cution des travaux, ce qui augmente le danger d\u2019incendie. Sur un chantier, le travail doit donc \u00eatre planifi\u00e9 de mani\u00e8re \u00e0 assurer une ex\u00e9cution des travaux rigoureuse.<\/p>\n\n\n\n<p><strong>Source de danger \u00ab\u00a0Recours \u00e0 du personnel insuffisamment form\u00e9 ou instruit\u00a0\u00bb <\/strong><\/p>\n\n\n\n<p>Lorsque des personnes insuffisamment form\u00e9es sont engag\u00e9es, celles-ci ne connaissent souvent pas les risques li\u00e9s \u00e0 l\u2019utilisation des \u00e9quipements de travail utilis\u00e9s \u2013 ce qui s\u2019av\u00e8re probl\u00e9matique. Il est important d\u2019employer uniquement des collaborateurs qui poss\u00e8dent les qualifications requises ou de renforcer la supervision. Plus l\u2019\u00e9cart entre les qualifications requises et les qualifications r\u00e9elles est grand, plus la supervision doit \u00eatre \u00e9troite.<\/p>\n\n\n\n<p><strong>Source de danger \u00ab\u00a0D\u00e9sordre sur le chantier\u00a0\u00bb<\/strong><\/p>\n\n\n\n<p>Le manque d\u2019ordre et de propret\u00e9 sur un chantier entra\u00eene un danger d\u2019incendie accru. Il en va de m\u00eame pour l\u2019absence de directives concernant les zones o\u00f9 il est autoris\u00e9 de fumer. Pour la gestion des d\u00e9chets et leur \u00e9limination \u00e9galement, il est essentiel que toutes les personnes concern\u00e9es suivent les consignes et que des dispositions soient prises en cas de non-respect. Il est important de pr\u00e9voir suffisamment d\u2019espace pour stocker et pour transborder le mat\u00e9riel\u00a0; cet espace doit \u00eatre situ\u00e9 hors des secteurs de travail qui pr\u00e9sentent un risque d\u2019incendie accru. L\u2019interdiction de fumer constitue la r\u00e8gle sur l\u2019ensemble du site d\u2019un chantier. Il est toutefois possible de pr\u00e9voir des zones pour les fumeurs. Cendres et m\u00e9gots doivent \u00eatre \u00e9limin\u00e9s dans des r\u00e9cipients r\u00e9sistants au feu.<\/p>\n\n\n\n<p><strong>Concept de pr\u00e9vention incendie\u00a0: un outil pour garantir la s\u00e9curit\u00e9<\/strong><\/p>\n\n\n\n<p>Un concept de protection incendie garantit la s\u00e9curit\u00e9 incendie sur les chantiers. Ce document pr\u00e9sente les dangers et les mesures de pr\u00e9vention constructives, techniques et organisationnelles qui y sont li\u00e9es. Le concept est continuellement adapt\u00e9 selon les diff\u00e9rentes phases de construction. Il doit tenir compte des bases l\u00e9gales, des r\u00e8gles de l\u2019art, des exigences sp\u00e9cifiques au chantier et des directives des ma\u00eetres d\u2019ouvrage. Pendant les travaux et en fonction de leur avancement, il est imp\u00e9ratif de proc\u00e9der \u00e0 une analyse continue du risque d\u2019incendie sp\u00e9cifique au chantier. Toute mesure suppl\u00e9mentaire de protection n\u00e9cessaire et proportionn\u00e9e doit \u00eatre prise.<\/p>\n\n\n\n<p><strong>Se prot\u00e9ger des cons\u00e9quences juridiques <\/strong><\/p>\n\n\n\n<p>Apr\u00e8s un incendie, la police enqu\u00eate pour d\u00e9terminer la cause de l\u2019incendie. S\u2019il est constat\u00e9 que l\u2019incendie est d\u00fb \u00e0 la n\u00e9gligence d\u2019une personne intervenant sur le chantier, une condamnation pour incendie par n\u00e9gligence ou pour incendie criminel peut \u00eatre prononc\u00e9e. Celle-ci peut viser des ouvriers, mais \u00e9galement les personnes charg\u00e9es de la direction et de la surveillance des travaux.\u00a0<\/p>\n\n\n\n<p><strong>Guide de protection incendie AEAI \u00ab\u00a0Pr\u00e9vention incendie sur les chantiers\u00a0\u00bb<\/strong><\/p>\n\n\n\n<p>L\u2019Association des \u00e9tablissements cantonaux d\u2019assurance incendie (AEAI) sensibilise les personnes impliqu\u00e9es dans la construction \u00e0 la pr\u00e9vention incendie. La responsabilit\u00e9 \u00e9choit non seulement aux ouvriers, mais \u00e9galement au ma\u00eetre d\u2019ouvrage, aux projeteurs et \u00e0 la direction des travaux. Et tous peuvent contribuer \u00e0 minimiser les risques d\u2019incendie sur les chantiers.<\/p>\n\n\n\n<p>Le guide pr\u00e9sente les risques d\u2019incendie et les mesures de protection. Il contient des check-lists sp\u00e9cifiques \u00e0 chaque activit\u00e9 qui sont destin\u00e9es aux sup\u00e9rieurs et aux ex\u00e9cutants, ainsi que des check-lists pour les ma\u00eetres d\u2019ouvrage, les projeteurs et la direction des travaux. Le respect des mesures conseill\u00e9es dans ces listes permet d\u2019am\u00e9liorer la s\u00e9curit\u00e9 incendie sur les chantiers et peut \u00e9galement servir \u00e0 se prot\u00e9ger de potentielles cons\u00e9quences juridiques. Les check-lists d\u00fbment remplies permettent de d\u00e9montrer que toutes les mesures de pr\u00e9vention incendie exig\u00e9es par les circonstances ont bien \u00e9t\u00e9 prises. Dans des proc\u00e9dures p\u00e9nales ou civiles, ces \u00e9l\u00e9ments peuvent faire la diff\u00e9rence\u00a0: les mesures document\u00e9es aident les personnes concern\u00e9es et peuvent avoir une incidence positive sur l\u2019issue d\u2019une proc\u00e9dure.<\/p>\n\n\n\n            <section class=\"custom-link-block \">\n            <a href=\"http:\/\/www.vkg.ch\/chantiers\" class=\"red-border-button big-btn\"   >\n                Guide et check-lists            <\/a>\n        <\/section>\n    \n\n","protected":false},"excerpt":{"rendered":"<p>Les incendies sont fr\u00e9quents sur les chantiers. Dans bon nombre de cas, un comportement n\u00e9gligent ou imprudent en est la cause. De nombreuses t\u00e2ches repr\u00e9sentent un risque d\u2019incendie important sur les chantiers. Mais \u00e9galement des facteurs g\u00e9n\u00e9raux, comme la pression induite par les d\u00e9lais et le budget, augmentent le risque d\u2019incendie. Les mesures pr\u00e9ventives constituent [&hellip;]<\/p>\n","protected":false},"author":8,"featured_media":3034,"comment_status":"closed","ping_status":"closed","sticky":false,"template":"","format":"standard","meta":{"_acf_changed":false,"inline_featured_image":false,"_themeisle_gutenberg_block_has_review":false,"footnotes":""},"categories":[25],"tags":[],"acf":[],"yoast_head":"<!-- This site is optimized with the Yoast SEO Premium plugin v22.7 (Yoast SEO v22.7) - https:\/\/yoast.com\/wordpress\/plugins\/seo\/ -->\n<title>R\u00e9duire le risque d\u2019incendie sur les chantiers\u00a0: coup de projecteur sur les mesures pr\u00e9ventives - Entwicklung Schweiz<\/title>\n<meta name=\"robots\" content=\"index, follow, max-snippet:-1, max-image-preview:large, max-video-preview:-1\" \/>\n<link rel=\"canonical\" href=\"https:\/\/entwicklung-schweiz.ch\/fr\/reduire-le-risque-dincendie-sur-les-chantiers-coup-de-projecteur-sur-les-mesures-preventives\/\" \/>\n<meta property=\"og:locale\" content=\"fr_FR\" \/>\n<meta property=\"og:type\" content=\"article\" \/>\n<meta property=\"og:title\" content=\"R\u00e9duire le risque d\u2019incendie sur les chantiers\u00a0: coup de projecteur sur les mesures pr\u00e9ventives\" \/>\n<meta property=\"og:description\" content=\"Les incendies sont fr\u00e9quents sur les chantiers. Dans bon nombre de cas, un comportement n\u00e9gligent ou imprudent en est la cause. De nombreuses t\u00e2ches repr\u00e9sentent un risque d\u2019incendie important sur les chantiers. Mais \u00e9galement des facteurs g\u00e9n\u00e9raux, comme la pression induite par les d\u00e9lais et le budget, augmentent le risque d\u2019incendie. Les mesures pr\u00e9ventives constituent [&hellip;]\" \/>\n<meta property=\"og:url\" content=\"https:\/\/entwicklung-schweiz.ch\/fr\/reduire-le-risque-dincendie-sur-les-chantiers-coup-de-projecteur-sur-les-mesures-preventives\/\" \/>\n<meta property=\"og:site_name\" content=\"Entwicklung Schweiz\" \/>\n<meta property=\"article:published_time\" content=\"2025-07-04T07:50:54+00:00\" \/>\n<meta property=\"article:modified_time\" content=\"2025-07-04T07:54:13+00:00\" \/>\n<meta property=\"og:image\" content=\"https:\/\/entwicklung-schweiz.ch\/wp-content\/uploads\/2025\/07\/240824_Brand-in-Frick-1-Bildquelle-Kantonspolizei-Aargau.jpg\" \/>\n\t<meta property=\"og:image:width\" content=\"1223\" \/>\n\t<meta property=\"og:image:height\" content=\"1273\" \/>\n\t<meta property=\"og:image:type\" content=\"image\/jpeg\" \/>\n<meta name=\"author\" content=\"Rahel B\u00fcrgi\" \/>\n<meta name=\"twitter:card\" content=\"summary_large_image\" \/>\n<meta name=\"twitter:label1\" content=\"\u00c9crit par\" \/>\n\t<meta name=\"twitter:data1\" content=\"Rahel B\u00fcrgi\" \/>\n\t<meta name=\"twitter:label2\" content=\"Dur\u00e9e de lecture estim\u00e9e\" \/>\n\t<meta name=\"twitter:data2\" content=\"5 minutes\" \/>\n<script type=\"application\/ld+json\" class=\"yoast-schema-graph\">{\"@context\":\"https:\/\/schema.org\",\"@graph\":[{\"@type\":\"Article\",\"@id\":\"https:\/\/entwicklung-schweiz.ch\/fr\/reduire-le-risque-dincendie-sur-les-chantiers-coup-de-projecteur-sur-les-mesures-preventives\/#article\",\"isPartOf\":{\"@id\":\"https:\/\/entwicklung-schweiz.ch\/fr\/reduire-le-risque-dincendie-sur-les-chantiers-coup-de-projecteur-sur-les-mesures-preventives\/\"},\"author\":{\"name\":\"Rahel B\u00fcrgi\",\"@id\":\"https:\/\/entwicklung-schweiz.ch\/#\/schema\/person\/dc7b9eb50eaef8a6fd892dbcbcde1bc8\"},\"headline\":\"R\u00e9duire le risque d\u2019incendie sur les chantiers\u00a0: coup de projecteur sur les mesures pr\u00e9ventives\",\"datePublished\":\"2025-07-04T07:50:54+00:00\",\"dateModified\":\"2025-07-04T07:54:13+00:00\",\"mainEntityOfPage\":{\"@id\":\"https:\/\/entwicklung-schweiz.ch\/fr\/reduire-le-risque-dincendie-sur-les-chantiers-coup-de-projecteur-sur-les-mesures-preventives\/\"},\"wordCount\":980,\"publisher\":{\"@id\":\"https:\/\/entwicklung-schweiz.ch\/#organization\"},\"image\":{\"@id\":\"https:\/\/entwicklung-schweiz.ch\/fr\/reduire-le-risque-dincendie-sur-les-chantiers-coup-de-projecteur-sur-les-mesures-preventives\/#primaryimage\"},\"thumbnailUrl\":\"https:\/\/entwicklung-schweiz.ch\/wp-content\/uploads\/2025\/07\/240824_Brand-in-Frick-1-Bildquelle-Kantonspolizei-Aargau.jpg\",\"articleSection\":[\"Branche\"],\"inLanguage\":\"fr-FR\"},{\"@type\":\"WebPage\",\"@id\":\"https:\/\/entwicklung-schweiz.ch\/fr\/reduire-le-risque-dincendie-sur-les-chantiers-coup-de-projecteur-sur-les-mesures-preventives\/\",\"url\":\"https:\/\/entwicklung-schweiz.ch\/fr\/reduire-le-risque-dincendie-sur-les-chantiers-coup-de-projecteur-sur-les-mesures-preventives\/\",\"name\":\"R\u00e9duire le risque d\u2019incendie sur les chantiers\u00a0: coup de projecteur sur les mesures pr\u00e9ventives - Entwicklung Schweiz\",\"isPartOf\":{\"@id\":\"https:\/\/entwicklung-schweiz.ch\/#website\"},\"primaryImageOfPage\":{\"@id\":\"https:\/\/entwicklung-schweiz.ch\/fr\/reduire-le-risque-dincendie-sur-les-chantiers-coup-de-projecteur-sur-les-mesures-preventives\/#primaryimage\"},\"image\":{\"@id\":\"https:\/\/entwicklung-schweiz.ch\/fr\/reduire-le-risque-dincendie-sur-les-chantiers-coup-de-projecteur-sur-les-mesures-preventives\/#primaryimage\"},\"thumbnailUrl\":\"https:\/\/entwicklung-schweiz.ch\/wp-content\/uploads\/2025\/07\/240824_Brand-in-Frick-1-Bildquelle-Kantonspolizei-Aargau.jpg\",\"datePublished\":\"2025-07-04T07:50:54+00:00\",\"dateModified\":\"2025-07-04T07:54:13+00:00\",\"breadcrumb\":{\"@id\":\"https:\/\/entwicklung-schweiz.ch\/fr\/reduire-le-risque-dincendie-sur-les-chantiers-coup-de-projecteur-sur-les-mesures-preventives\/#breadcrumb\"},\"inLanguage\":\"fr-FR\",\"potentialAction\":[{\"@type\":\"ReadAction\",\"target\":[\"https:\/\/entwicklung-schweiz.ch\/fr\/reduire-le-risque-dincendie-sur-les-chantiers-coup-de-projecteur-sur-les-mesures-preventives\/\"]}]},{\"@type\":\"ImageObject\",\"inLanguage\":\"fr-FR\",\"@id\":\"https:\/\/entwicklung-schweiz.ch\/fr\/reduire-le-risque-dincendie-sur-les-chantiers-coup-de-projecteur-sur-les-mesures-preventives\/#primaryimage\",\"url\":\"https:\/\/entwicklung-schweiz.ch\/wp-content\/uploads\/2025\/07\/240824_Brand-in-Frick-1-Bildquelle-Kantonspolizei-Aargau.jpg\",\"contentUrl\":\"https:\/\/entwicklung-schweiz.ch\/wp-content\/uploads\/2025\/07\/240824_Brand-in-Frick-1-Bildquelle-Kantonspolizei-Aargau.jpg\",\"width\":1223,\"height\":1273},{\"@type\":\"BreadcrumbList\",\"@id\":\"https:\/\/entwicklung-schweiz.ch\/fr\/reduire-le-risque-dincendie-sur-les-chantiers-coup-de-projecteur-sur-les-mesures-preventives\/#breadcrumb\",\"itemListElement\":[{\"@type\":\"ListItem\",\"position\":1,\"name\":\"Home\",\"item\":\"https:\/\/entwicklung-schweiz.ch\/fr\/\"},{\"@type\":\"ListItem\",\"position\":2,\"name\":\"R\u00e9duire le risque d\u2019incendie sur les chantiers\u00a0: coup de projecteur sur les mesures pr\u00e9ventives\"}]},{\"@type\":\"WebSite\",\"@id\":\"https:\/\/entwicklung-schweiz.ch\/#website\",\"url\":\"https:\/\/entwicklung-schweiz.ch\/\",\"name\":\"Entwicklung Schweiz\",\"description\":\"\",\"publisher\":{\"@id\":\"https:\/\/entwicklung-schweiz.ch\/#organization\"},\"potentialAction\":[{\"@type\":\"SearchAction\",\"target\":{\"@type\":\"EntryPoint\",\"urlTemplate\":\"https:\/\/entwicklung-schweiz.ch\/?s={search_term_string}\"},\"query-input\":\"required name=search_term_string\"}],\"inLanguage\":\"fr-FR\"},{\"@type\":\"Organization\",\"@id\":\"https:\/\/entwicklung-schweiz.ch\/#organization\",\"name\":\"Entwicklung Schweiz\",\"url\":\"https:\/\/entwicklung-schweiz.ch\/\",\"logo\":{\"@type\":\"ImageObject\",\"inLanguage\":\"fr-FR\",\"@id\":\"https:\/\/entwicklung-schweiz.ch\/#\/schema\/logo\/image\/\",\"url\":\"https:\/\/entwicklung-schweiz.ch\/wp-content\/uploads\/2024\/02\/Logo_colors.svg\",\"contentUrl\":\"https:\/\/entwicklung-schweiz.ch\/wp-content\/uploads\/2024\/02\/Logo_colors.svg\",\"width\":243,\"height\":49,\"caption\":\"Entwicklung Schweiz\"},\"image\":{\"@id\":\"https:\/\/entwicklung-schweiz.ch\/#\/schema\/logo\/image\/\"}},{\"@type\":\"Person\",\"@id\":\"https:\/\/entwicklung-schweiz.ch\/#\/schema\/person\/dc7b9eb50eaef8a6fd892dbcbcde1bc8\",\"name\":\"Rahel B\u00fcrgi\",\"image\":{\"@type\":\"ImageObject\",\"inLanguage\":\"fr-FR\",\"@id\":\"https:\/\/entwicklung-schweiz.ch\/#\/schema\/person\/image\/\",\"url\":\"https:\/\/secure.gravatar.com\/avatar\/f4556c23b1d84678344b528363e89a23?s=96&d=mm&r=g\",\"contentUrl\":\"https:\/\/secure.gravatar.com\/avatar\/f4556c23b1d84678344b528363e89a23?s=96&d=mm&r=g\",\"caption\":\"Rahel B\u00fcrgi\"}}]}<\/script>\n<!-- \/ Yoast SEO Premium plugin. -->","yoast_head_json":{"title":"R\u00e9duire le risque d\u2019incendie sur les chantiers\u00a0: coup de projecteur sur les mesures pr\u00e9ventives - Entwicklung Schweiz","robots":{"index":"index","follow":"follow","max-snippet":"max-snippet:-1","max-image-preview":"max-image-preview:large","max-video-preview":"max-video-preview:-1"},"canonical":"https:\/\/entwicklung-schweiz.ch\/fr\/reduire-le-risque-dincendie-sur-les-chantiers-coup-de-projecteur-sur-les-mesures-preventives\/","og_locale":"fr_FR","og_type":"article","og_title":"R\u00e9duire le risque d\u2019incendie sur les chantiers\u00a0: coup de projecteur sur les mesures pr\u00e9ventives","og_description":"Les incendies sont fr\u00e9quents sur les chantiers. Dans bon nombre de cas, un comportement n\u00e9gligent ou imprudent en est la cause. De nombreuses t\u00e2ches repr\u00e9sentent un risque d\u2019incendie important sur les chantiers. Mais \u00e9galement des facteurs g\u00e9n\u00e9raux, comme la pression induite par les d\u00e9lais et le budget, augmentent le risque d\u2019incendie. Les mesures pr\u00e9ventives constituent [&hellip;]","og_url":"https:\/\/entwicklung-schweiz.ch\/fr\/reduire-le-risque-dincendie-sur-les-chantiers-coup-de-projecteur-sur-les-mesures-preventives\/","og_site_name":"Entwicklung Schweiz","article_published_time":"2025-07-04T07:50:54+00:00","article_modified_time":"2025-07-04T07:54:13+00:00","og_image":[{"width":1223,"height":1273,"url":"https:\/\/entwicklung-schweiz.ch\/wp-content\/uploads\/2025\/07\/240824_Brand-in-Frick-1-Bildquelle-Kantonspolizei-Aargau.jpg","type":"image\/jpeg"}],"author":"Rahel B\u00fcrgi","twitter_card":"summary_large_image","twitter_misc":{"\u00c9crit par":"Rahel B\u00fcrgi","Dur\u00e9e de lecture estim\u00e9e":"5 minutes"},"schema":{"@context":"https:\/\/schema.org","@graph":[{"@type":"Article","@id":"https:\/\/entwicklung-schweiz.ch\/fr\/reduire-le-risque-dincendie-sur-les-chantiers-coup-de-projecteur-sur-les-mesures-preventives\/#article","isPartOf":{"@id":"https:\/\/entwicklung-schweiz.ch\/fr\/reduire-le-risque-dincendie-sur-les-chantiers-coup-de-projecteur-sur-les-mesures-preventives\/"},"author":{"name":"Rahel B\u00fcrgi","@id":"https:\/\/entwicklung-schweiz.ch\/#\/schema\/person\/dc7b9eb50eaef8a6fd892dbcbcde1bc8"},"headline":"R\u00e9duire le risque d\u2019incendie sur les chantiers\u00a0: coup de projecteur sur les mesures pr\u00e9ventives","datePublished":"2025-07-04T07:50:54+00:00","dateModified":"2025-07-04T07:54:13+00:00","mainEntityOfPage":{"@id":"https:\/\/entwicklung-schweiz.ch\/fr\/reduire-le-risque-dincendie-sur-les-chantiers-coup-de-projecteur-sur-les-mesures-preventives\/"},"wordCount":980,"publisher":{"@id":"https:\/\/entwicklung-schweiz.ch\/#organization"},"image":{"@id":"https:\/\/entwicklung-schweiz.ch\/fr\/reduire-le-risque-dincendie-sur-les-chantiers-coup-de-projecteur-sur-les-mesures-preventives\/#primaryimage"},"thumbnailUrl":"https:\/\/entwicklung-schweiz.ch\/wp-content\/uploads\/2025\/07\/240824_Brand-in-Frick-1-Bildquelle-Kantonspolizei-Aargau.jpg","articleSection":["Branche"],"inLanguage":"fr-FR"},{"@type":"WebPage","@id":"https:\/\/entwicklung-schweiz.ch\/fr\/reduire-le-risque-dincendie-sur-les-chantiers-coup-de-projecteur-sur-les-mesures-preventives\/","url":"https:\/\/entwicklung-schweiz.ch\/fr\/reduire-le-risque-dincendie-sur-les-chantiers-coup-de-projecteur-sur-les-mesures-preventives\/","name":"R\u00e9duire le risque d\u2019incendie sur les chantiers\u00a0: coup de projecteur sur les mesures pr\u00e9ventives - Entwicklung Schweiz","isPartOf":{"@id":"https:\/\/entwicklung-schweiz.ch\/#website"},"primaryImageOfPage":{"@id":"https:\/\/entwicklung-schweiz.ch\/fr\/reduire-le-risque-dincendie-sur-les-chantiers-coup-de-projecteur-sur-les-mesures-preventives\/#primaryimage"},"image":{"@id":"https:\/\/entwicklung-schweiz.ch\/fr\/reduire-le-risque-dincendie-sur-les-chantiers-coup-de-projecteur-sur-les-mesures-preventives\/#primaryimage"},"thumbnailUrl":"https:\/\/entwicklung-schweiz.ch\/wp-content\/uploads\/2025\/07\/240824_Brand-in-Frick-1-Bildquelle-Kantonspolizei-Aargau.jpg","datePublished":"2025-07-04T07:50:54+00:00","dateModified":"2025-07-04T07:54:13+00:00","breadcrumb":{"@id":"https:\/\/entwicklung-schweiz.ch\/fr\/reduire-le-risque-dincendie-sur-les-chantiers-coup-de-projecteur-sur-les-mesures-preventives\/#breadcrumb"},"inLanguage":"fr-FR","potentialAction":[{"@type":"ReadAction","target":["https:\/\/entwicklung-schweiz.ch\/fr\/reduire-le-risque-dincendie-sur-les-chantiers-coup-de-projecteur-sur-les-mesures-preventives\/"]}]},{"@type":"ImageObject","inLanguage":"fr-FR","@id":"https:\/\/entwicklung-schweiz.ch\/fr\/reduire-le-risque-dincendie-sur-les-chantiers-coup-de-projecteur-sur-les-mesures-preventives\/#primaryimage","url":"https:\/\/entwicklung-schweiz.ch\/wp-content\/uploads\/2025\/07\/240824_Brand-in-Frick-1-Bildquelle-Kantonspolizei-Aargau.jpg","contentUrl":"https:\/\/entwicklung-schweiz.ch\/wp-content\/uploads\/2025\/07\/240824_Brand-in-Frick-1-Bildquelle-Kantonspolizei-Aargau.jpg","width":1223,"height":1273},{"@type":"BreadcrumbList","@id":"https:\/\/entwicklung-schweiz.ch\/fr\/reduire-le-risque-dincendie-sur-les-chantiers-coup-de-projecteur-sur-les-mesures-preventives\/#breadcrumb","itemListElement":[{"@type":"ListItem","position":1,"name":"Home","item":"https:\/\/entwicklung-schweiz.ch\/fr\/"},{"@type":"ListItem","position":2,"name":"R\u00e9duire le risque d\u2019incendie sur les chantiers\u00a0: coup de projecteur sur les mesures pr\u00e9ventives"}]},{"@type":"WebSite","@id":"https:\/\/entwicklung-schweiz.ch\/#website","url":"https:\/\/entwicklung-schweiz.ch\/","name":"Entwicklung Schweiz","description":"","publisher":{"@id":"https:\/\/entwicklung-schweiz.ch\/#organization"},"potentialAction":[{"@type":"SearchAction","target":{"@type":"EntryPoint","urlTemplate":"https:\/\/entwicklung-schweiz.ch\/?s={search_term_string}"},"query-input":"required name=search_term_string"}],"inLanguage":"fr-FR"},{"@type":"Organization","@id":"https:\/\/entwicklung-schweiz.ch\/#organization","name":"Entwicklung Schweiz","url":"https:\/\/entwicklung-schweiz.ch\/","logo":{"@type":"ImageObject","inLanguage":"fr-FR","@id":"https:\/\/entwicklung-schweiz.ch\/#\/schema\/logo\/image\/","url":"https:\/\/entwicklung-schweiz.ch\/wp-content\/uploads\/2024\/02\/Logo_colors.svg","contentUrl":"https:\/\/entwicklung-schweiz.ch\/wp-content\/uploads\/2024\/02\/Logo_colors.svg","width":243,"height":49,"caption":"Entwicklung Schweiz"},"image":{"@id":"https:\/\/entwicklung-schweiz.ch\/#\/schema\/logo\/image\/"}},{"@type":"Person","@id":"https:\/\/entwicklung-schweiz.ch\/#\/schema\/person\/dc7b9eb50eaef8a6fd892dbcbcde1bc8","name":"Rahel B\u00fcrgi","image":{"@type":"ImageObject","inLanguage":"fr-FR","@id":"https:\/\/entwicklung-schweiz.ch\/#\/schema\/person\/image\/","url":"https:\/\/secure.gravatar.com\/avatar\/f4556c23b1d84678344b528363e89a23?s=96&d=mm&r=g","contentUrl":"https:\/\/secure.gravatar.com\/avatar\/f4556c23b1d84678344b528363e89a23?s=96&d=mm&r=g","caption":"Rahel B\u00fcrgi"}}]}},"_links":{"self":[{"href":"https:\/\/entwicklung-schweiz.ch\/fr\/wp-json\/wp\/v2\/posts\/3036"}],"collection":[{"href":"https:\/\/entwicklung-schweiz.ch\/fr\/wp-json\/wp\/v2\/posts"}],"about":[{"href":"https:\/\/entwicklung-schweiz.ch\/fr\/wp-json\/wp\/v2\/types\/post"}],"author":[{"embeddable":true,"href":"https:\/\/entwicklung-schweiz.ch\/fr\/wp-json\/wp\/v2\/users\/8"}],"replies":[{"embeddable":true,"href":"https:\/\/entwicklung-schweiz.ch\/fr\/wp-json\/wp\/v2\/comments?post=3036"}],"version-history":[{"count":1,"href":"https:\/\/entwicklung-schweiz.ch\/fr\/wp-json\/wp\/v2\/posts\/3036\/revisions"}],"predecessor-version":[{"id":3037,"href":"https:\/\/entwicklung-schweiz.ch\/fr\/wp-json\/wp\/v2\/posts\/3036\/revisions\/3037"}],"wp:featuredmedia":[{"embeddable":true,"href":"https:\/\/entwicklung-schweiz.ch\/fr\/wp-json\/wp\/v2\/media\/3034"}],"wp:attachment":[{"href":"https:\/\/entwicklung-schweiz.ch\/fr\/wp-json\/wp\/v2\/media?parent=3036"}],"wp:term":[{"taxonomy":"category","embeddable":true,"href":"https:\/\/entwicklung-schweiz.ch\/fr\/wp-json\/wp\/v2\/categories?post=3036"},{"taxonomy":"post_tag","embeddable":true,"href":"https:\/\/entwicklung-schweiz.ch\/fr\/wp-json\/wp\/v2\/tags?post=3036"}],"curies":[{"name":"wp","href":"https:\/\/api.w.org\/{rel}","templated":true}]}}