{"id":3059,"date":"2025-09-26T16:07:06","date_gmt":"2025-09-26T14:07:06","guid":{"rendered":"https:\/\/entwicklung-schweiz.ch\/?p=3059"},"modified":"2025-09-26T16:26:56","modified_gmt":"2025-09-26T14:26:56","slug":"table-ronde-isos-plus-de-marge-de-manoeuvre-et-de-securite-dans-la-planification-pour-les-cantons-et-les-communes","status":"publish","type":"post","link":"https:\/\/entwicklung-schweiz.ch\/fr\/table-ronde-isos-plus-de-marge-de-manoeuvre-et-de-securite-dans-la-planification-pour-les-cantons-et-les-communes\/","title":{"rendered":"Table ronde ISOS : plus de marge de man\u0153uvre et de s\u00e9curit\u00e9 dans la planification pour les cantons et les communes"},"content":{"rendered":"\n<p>L&rsquo;Inventaire f\u00e9d\u00e9ral des sites construits \u00e0 prot\u00e9ger en Suisse (ISOS) est un instrument central pour la pr\u00e9servation du patrimoine b\u00e2ti dans quelque 1200 sites d&rsquo;importance nationale. R\u00e9cemment, l&rsquo;application de l&rsquo;ISOS a toutefois pos\u00e9 de plus en plus de d\u00e9fis, en particulier dans le cadre de son \u00ab application directe \u00bb par les cantons et les communes dans l&rsquo;accomplissement de t\u00e2ches f\u00e9d\u00e9rales.<\/p>\n\n\n\n<p>Compte tenu des d\u00e9fis actuels tels que <strong>la densification, la p\u00e9nurie de logements et la transition \u00e9nerg\u00e9tique<\/strong>, une \u00ab table ronde ISOS \u00bb a \u00e9t\u00e9 organis\u00e9e \u00e0 l&rsquo;initiative du D\u00e9partement f\u00e9d\u00e9ral de l&rsquo;int\u00e9rieur (DFI). Des repr\u00e9sentants des pouvoirs publics, du secteur priv\u00e9 et de la soci\u00e9t\u00e9 civile ont \u00e9labor\u00e9 conjointement sept mesures visant \u00e0 am\u00e9liorer l&rsquo;interaction entre la protection et le d\u00e9veloppement.<\/p>\n\n\n\n<p>Pour l&rsquo;industrie de la construction, les changements suivants sont particuli\u00e8rement importants, car ils <strong>simplifient et acc\u00e9l\u00e8rent les processus et am\u00e9liorent consid\u00e9rablement la s\u00e9curit\u00e9 juridique et la s\u00e9curit\u00e9 de la planification <\/strong>:<\/p>\n\n\n\n<p><strong>\u00c9l\u00e9ments cl\u00e9s des mesures adopt\u00e9es :<\/strong><\/p>\n\n\n\n<p><strong>Restriction de l&rsquo;\u00ab application directe \u00bb : <\/strong>\u00e0 l&rsquo;avenir, l&rsquo;application stricte de l&rsquo;ISOS sera limit\u00e9e aux t\u00e2ches f\u00e9d\u00e9rales ayant un impact direct sur l&rsquo;aspect des localit\u00e9s. Cela r\u00e9duira consid\u00e9rablement le nombre de proc\u00e9dures complexes et <strong>donnera aux cantons et aux communes une plus grande marge de man\u0153uvre dans la pond\u00e9ration des int\u00e9r\u00eats<\/strong>.<\/p>\n\n\n\n<p><strong>All\u00e8gements pour les installations solaires : <\/strong>l&rsquo;obligation d&rsquo;autorisation pour les installations solaires sera limit\u00e9e aux b\u00e2timents existants, ce qui simplifiera le d\u00e9veloppement des \u00e9nergies renouvelables et renforcera la marge de man\u0153uvre des autorit\u00e9s locales.<\/p>\n\n\n\n<p><strong>Plus de comp\u00e9tences pour les cantons et les communes : <\/strong>le r\u00f4le des cantons et des communes dans l&rsquo;application de l&rsquo;ISOS est renforc\u00e9. Ils doivent certes tenir compte de l&rsquo;inventaire dans leurs planifications, mais peuvent s&rsquo;\u00e9carter des objectifs de conservation dans le cadre d&rsquo;une pond\u00e9ration des int\u00e9r\u00eats. Cette pr\u00e9cision <strong>renforce la s\u00e9curit\u00e9 juridique et la s\u00e9curit\u00e9 de la planification<\/strong>.<\/p>\n\n\n\n<p><strong>Examen de l&rsquo;int\u00e9r\u00eat national dans la construction de logements : <\/strong>une mesure en aval pr\u00e9voit d&rsquo;examiner les crit\u00e8res de la d\u00e9finition juridique de l&rsquo;\u00ab int\u00e9r\u00eat national \u00bb dans les projets importants de construction de logements. Cela est conforme au \u00ab plan d&rsquo;action contre la p\u00e9nurie de logements \u00bb.<\/p>\n\n\n\n<p><strong>Calendrier : <\/strong>les quatre premi\u00e8res mesures prioritaires devraient entrer en vigueur d\u00e8s <strong>l&rsquo;automne 2026<\/strong>. D&rsquo;autres mesures d&rsquo;accompagnement au niveau cantonal et communal devraient permettre d&rsquo;optimiser encore l&rsquo;application de l&rsquo;ISOS, par exemple gr\u00e2ce \u00e0 de nouvelles directives d&rsquo;application ou \u00e0 une collaboration interdisciplinaire pr\u00e9coce.<\/p>\n\n\n\n<p>Ces mesures, adopt\u00e9es \u00e0 l&rsquo;unanimit\u00e9, constituent une \u00e9tape importante pour concilier la protection des sites construits de valeur avec les imp\u00e9ratifs d&rsquo;un d\u00e9veloppement urbain et \u00e9nerg\u00e9tique tourn\u00e9 vers l&rsquo;avenir, sans restreindre de mani\u00e8re disproportionn\u00e9e la protection des sites construits.<\/p>\n\n\n\n<p>Communiqu\u00e9 de presse de la Conf\u00e9d\u00e9ration \u00e0 ce sujet : <a href=\"https:\/\/www.news.admin.ch\/fr\/newnsb\/Byarn-w72-XzHHYC7FUV7\">Le Conseil f\u00e9d\u00e9ral facilite la construction de logements en adaptant la r\u00e9glementation sur la protection des sites construits<\/a><\/p>\n\n\n\n            <section class=\"accordion-block\">\n            <div class=\"accordion\">\n                                    <div class=\"accordion-item\">\n                        <div class=\"accordion-item-header-block bg-color-red border-color-red\" data-number=\"1\">\n                            <h3 class=\"mb-0 text-white\"><strong>Fiche explicative ISOS<\/strong><\/h3>\n                        <\/div>\n\n                        <div class=\"accordion-item-content-block border-color-red\">\n                            <div class=\"accordion-item-content-inner-block\">\n                                                                            <div><a href=\"https:\/\/entwicklung-schweiz.ch\/wp-content\/uploads\/2025\/09\/250926-FaktenblattISOSFR.pdf\" class=\"mb-0 link-hover-color-red\">Fiche explicative ISOS<\/a><\/div>\n                                                                    <\/div>\n                        <\/div>\n                    <\/div>\n                            <\/div>\n        <\/section>\n    \n\n\n","protected":false},"excerpt":{"rendered":"<p>L&rsquo;Inventaire f\u00e9d\u00e9ral des sites construits \u00e0 prot\u00e9ger en Suisse (ISOS) est un instrument central pour la pr\u00e9servation du patrimoine b\u00e2ti dans quelque 1200 sites d&rsquo;importance nationale. R\u00e9cemment, l&rsquo;application de l&rsquo;ISOS a toutefois pos\u00e9 de plus en plus de d\u00e9fis, en particulier dans le cadre de son \u00ab application directe \u00bb par les cantons et les [&hellip;]<\/p>\n","protected":false},"author":8,"featured_media":3062,"comment_status":"closed","ping_status":"closed","sticky":false,"template":"","format":"standard","meta":{"_acf_changed":false,"inline_featured_image":false,"_themeisle_gutenberg_block_has_review":false,"footnotes":""},"categories":[25],"tags":[],"acf":[],"yoast_head":"<!-- This site is optimized with the Yoast SEO Premium plugin v22.7 (Yoast SEO v22.7) - https:\/\/yoast.com\/wordpress\/plugins\/seo\/ -->\n<title>Table ronde ISOS : plus de marge de man\u0153uvre et de s\u00e9curit\u00e9 dans la planification pour les cantons et les communes - Entwicklung Schweiz<\/title>\n<meta name=\"robots\" content=\"index, follow, max-snippet:-1, max-image-preview:large, max-video-preview:-1\" \/>\n<link rel=\"canonical\" href=\"https:\/\/entwicklung-schweiz.ch\/fr\/table-ronde-isos-plus-de-marge-de-manoeuvre-et-de-securite-dans-la-planification-pour-les-cantons-et-les-communes\/\" \/>\n<meta property=\"og:locale\" content=\"fr_FR\" \/>\n<meta property=\"og:type\" content=\"article\" \/>\n<meta property=\"og:title\" content=\"Table ronde ISOS : plus de marge de man\u0153uvre et de s\u00e9curit\u00e9 dans la planification pour les cantons et les communes\" \/>\n<meta property=\"og:description\" content=\"L&rsquo;Inventaire f\u00e9d\u00e9ral des sites construits \u00e0 prot\u00e9ger en Suisse (ISOS) est un instrument central pour la pr\u00e9servation du patrimoine b\u00e2ti dans quelque 1200 sites d&rsquo;importance nationale. R\u00e9cemment, l&rsquo;application de l&rsquo;ISOS a toutefois pos\u00e9 de plus en plus de d\u00e9fis, en particulier dans le cadre de son \u00ab application directe \u00bb par les cantons et les [&hellip;]\" \/>\n<meta property=\"og:url\" content=\"https:\/\/entwicklung-schweiz.ch\/fr\/table-ronde-isos-plus-de-marge-de-manoeuvre-et-de-securite-dans-la-planification-pour-les-cantons-et-les-communes\/\" \/>\n<meta property=\"og:site_name\" content=\"Entwicklung Schweiz\" \/>\n<meta property=\"article:published_time\" content=\"2025-09-26T14:07:06+00:00\" \/>\n<meta property=\"article:modified_time\" content=\"2025-09-26T14:26:56+00:00\" \/>\n<meta property=\"og:image\" content=\"https:\/\/entwicklung-schweiz.ch\/wp-content\/uploads\/2025\/09\/ISOS.png\" \/>\n\t<meta property=\"og:image:width\" content=\"1024\" \/>\n\t<meta property=\"og:image:height\" content=\"1024\" \/>\n\t<meta property=\"og:image:type\" content=\"image\/png\" \/>\n<meta name=\"author\" content=\"Rahel B\u00fcrgi\" \/>\n<meta name=\"twitter:card\" content=\"summary_large_image\" \/>\n<meta name=\"twitter:label1\" content=\"\u00c9crit par\" \/>\n\t<meta name=\"twitter:data1\" content=\"Rahel B\u00fcrgi\" \/>\n\t<meta name=\"twitter:label2\" content=\"Dur\u00e9e de lecture estim\u00e9e\" \/>\n\t<meta name=\"twitter:data2\" content=\"3 minutes\" \/>\n<script type=\"application\/ld+json\" class=\"yoast-schema-graph\">{\"@context\":\"https:\/\/schema.org\",\"@graph\":[{\"@type\":\"Article\",\"@id\":\"https:\/\/entwicklung-schweiz.ch\/fr\/table-ronde-isos-plus-de-marge-de-manoeuvre-et-de-securite-dans-la-planification-pour-les-cantons-et-les-communes\/#article\",\"isPartOf\":{\"@id\":\"https:\/\/entwicklung-schweiz.ch\/fr\/table-ronde-isos-plus-de-marge-de-manoeuvre-et-de-securite-dans-la-planification-pour-les-cantons-et-les-communes\/\"},\"author\":{\"name\":\"Rahel B\u00fcrgi\",\"@id\":\"https:\/\/entwicklung-schweiz.ch\/#\/schema\/person\/dc7b9eb50eaef8a6fd892dbcbcde1bc8\"},\"headline\":\"Table ronde ISOS : plus de marge de man\u0153uvre et de s\u00e9curit\u00e9 dans la planification pour les cantons et les communes\",\"datePublished\":\"2025-09-26T14:07:06+00:00\",\"dateModified\":\"2025-09-26T14:26:56+00:00\",\"mainEntityOfPage\":{\"@id\":\"https:\/\/entwicklung-schweiz.ch\/fr\/table-ronde-isos-plus-de-marge-de-manoeuvre-et-de-securite-dans-la-planification-pour-les-cantons-et-les-communes\/\"},\"wordCount\":541,\"publisher\":{\"@id\":\"https:\/\/entwicklung-schweiz.ch\/#organization\"},\"image\":{\"@id\":\"https:\/\/entwicklung-schweiz.ch\/fr\/table-ronde-isos-plus-de-marge-de-manoeuvre-et-de-securite-dans-la-planification-pour-les-cantons-et-les-communes\/#primaryimage\"},\"thumbnailUrl\":\"https:\/\/entwicklung-schweiz.ch\/wp-content\/uploads\/2025\/09\/ISOS.png\",\"articleSection\":[\"Branche\"],\"inLanguage\":\"fr-FR\"},{\"@type\":\"WebPage\",\"@id\":\"https:\/\/entwicklung-schweiz.ch\/fr\/table-ronde-isos-plus-de-marge-de-manoeuvre-et-de-securite-dans-la-planification-pour-les-cantons-et-les-communes\/\",\"url\":\"https:\/\/entwicklung-schweiz.ch\/fr\/table-ronde-isos-plus-de-marge-de-manoeuvre-et-de-securite-dans-la-planification-pour-les-cantons-et-les-communes\/\",\"name\":\"Table ronde ISOS : plus de marge de man\u0153uvre et de s\u00e9curit\u00e9 dans la planification pour les cantons et les communes - Entwicklung Schweiz\",\"isPartOf\":{\"@id\":\"https:\/\/entwicklung-schweiz.ch\/#website\"},\"primaryImageOfPage\":{\"@id\":\"https:\/\/entwicklung-schweiz.ch\/fr\/table-ronde-isos-plus-de-marge-de-manoeuvre-et-de-securite-dans-la-planification-pour-les-cantons-et-les-communes\/#primaryimage\"},\"image\":{\"@id\":\"https:\/\/entwicklung-schweiz.ch\/fr\/table-ronde-isos-plus-de-marge-de-manoeuvre-et-de-securite-dans-la-planification-pour-les-cantons-et-les-communes\/#primaryimage\"},\"thumbnailUrl\":\"https:\/\/entwicklung-schweiz.ch\/wp-content\/uploads\/2025\/09\/ISOS.png\",\"datePublished\":\"2025-09-26T14:07:06+00:00\",\"dateModified\":\"2025-09-26T14:26:56+00:00\",\"breadcrumb\":{\"@id\":\"https:\/\/entwicklung-schweiz.ch\/fr\/table-ronde-isos-plus-de-marge-de-manoeuvre-et-de-securite-dans-la-planification-pour-les-cantons-et-les-communes\/#breadcrumb\"},\"inLanguage\":\"fr-FR\",\"potentialAction\":[{\"@type\":\"ReadAction\",\"target\":[\"https:\/\/entwicklung-schweiz.ch\/fr\/table-ronde-isos-plus-de-marge-de-manoeuvre-et-de-securite-dans-la-planification-pour-les-cantons-et-les-communes\/\"]}]},{\"@type\":\"ImageObject\",\"inLanguage\":\"fr-FR\",\"@id\":\"https:\/\/entwicklung-schweiz.ch\/fr\/table-ronde-isos-plus-de-marge-de-manoeuvre-et-de-securite-dans-la-planification-pour-les-cantons-et-les-communes\/#primaryimage\",\"url\":\"https:\/\/entwicklung-schweiz.ch\/wp-content\/uploads\/2025\/09\/ISOS.png\",\"contentUrl\":\"https:\/\/entwicklung-schweiz.ch\/wp-content\/uploads\/2025\/09\/ISOS.png\",\"width\":1024,\"height\":1024},{\"@type\":\"BreadcrumbList\",\"@id\":\"https:\/\/entwicklung-schweiz.ch\/fr\/table-ronde-isos-plus-de-marge-de-manoeuvre-et-de-securite-dans-la-planification-pour-les-cantons-et-les-communes\/#breadcrumb\",\"itemListElement\":[{\"@type\":\"ListItem\",\"position\":1,\"name\":\"Home\",\"item\":\"https:\/\/entwicklung-schweiz.ch\/fr\/\"},{\"@type\":\"ListItem\",\"position\":2,\"name\":\"Table ronde ISOS : plus de marge de man\u0153uvre et de s\u00e9curit\u00e9 dans la planification pour les cantons et les communes\"}]},{\"@type\":\"WebSite\",\"@id\":\"https:\/\/entwicklung-schweiz.ch\/#website\",\"url\":\"https:\/\/entwicklung-schweiz.ch\/\",\"name\":\"Entwicklung Schweiz\",\"description\":\"\",\"publisher\":{\"@id\":\"https:\/\/entwicklung-schweiz.ch\/#organization\"},\"potentialAction\":[{\"@type\":\"SearchAction\",\"target\":{\"@type\":\"EntryPoint\",\"urlTemplate\":\"https:\/\/entwicklung-schweiz.ch\/?s={search_term_string}\"},\"query-input\":\"required name=search_term_string\"}],\"inLanguage\":\"fr-FR\"},{\"@type\":\"Organization\",\"@id\":\"https:\/\/entwicklung-schweiz.ch\/#organization\",\"name\":\"Entwicklung Schweiz\",\"url\":\"https:\/\/entwicklung-schweiz.ch\/\",\"logo\":{\"@type\":\"ImageObject\",\"inLanguage\":\"fr-FR\",\"@id\":\"https:\/\/entwicklung-schweiz.ch\/#\/schema\/logo\/image\/\",\"url\":\"https:\/\/entwicklung-schweiz.ch\/wp-content\/uploads\/2024\/02\/Logo_colors.svg\",\"contentUrl\":\"https:\/\/entwicklung-schweiz.ch\/wp-content\/uploads\/2024\/02\/Logo_colors.svg\",\"width\":243,\"height\":49,\"caption\":\"Entwicklung Schweiz\"},\"image\":{\"@id\":\"https:\/\/entwicklung-schweiz.ch\/#\/schema\/logo\/image\/\"}},{\"@type\":\"Person\",\"@id\":\"https:\/\/entwicklung-schweiz.ch\/#\/schema\/person\/dc7b9eb50eaef8a6fd892dbcbcde1bc8\",\"name\":\"Rahel B\u00fcrgi\",\"image\":{\"@type\":\"ImageObject\",\"inLanguage\":\"fr-FR\",\"@id\":\"https:\/\/entwicklung-schweiz.ch\/#\/schema\/person\/image\/\",\"url\":\"https:\/\/secure.gravatar.com\/avatar\/f4556c23b1d84678344b528363e89a23?s=96&d=mm&r=g\",\"contentUrl\":\"https:\/\/secure.gravatar.com\/avatar\/f4556c23b1d84678344b528363e89a23?s=96&d=mm&r=g\",\"caption\":\"Rahel B\u00fcrgi\"}}]}<\/script>\n<!-- \/ Yoast SEO Premium plugin. -->","yoast_head_json":{"title":"Table ronde ISOS : plus de marge de man\u0153uvre et de s\u00e9curit\u00e9 dans la planification pour les cantons et les communes - Entwicklung Schweiz","robots":{"index":"index","follow":"follow","max-snippet":"max-snippet:-1","max-image-preview":"max-image-preview:large","max-video-preview":"max-video-preview:-1"},"canonical":"https:\/\/entwicklung-schweiz.ch\/fr\/table-ronde-isos-plus-de-marge-de-manoeuvre-et-de-securite-dans-la-planification-pour-les-cantons-et-les-communes\/","og_locale":"fr_FR","og_type":"article","og_title":"Table ronde ISOS : plus de marge de man\u0153uvre et de s\u00e9curit\u00e9 dans la planification pour les cantons et les communes","og_description":"L&rsquo;Inventaire f\u00e9d\u00e9ral des sites construits \u00e0 prot\u00e9ger en Suisse (ISOS) est un instrument central pour la pr\u00e9servation du patrimoine b\u00e2ti dans quelque 1200 sites d&rsquo;importance nationale. R\u00e9cemment, l&rsquo;application de l&rsquo;ISOS a toutefois pos\u00e9 de plus en plus de d\u00e9fis, en particulier dans le cadre de son \u00ab application directe \u00bb par les cantons et les [&hellip;]","og_url":"https:\/\/entwicklung-schweiz.ch\/fr\/table-ronde-isos-plus-de-marge-de-manoeuvre-et-de-securite-dans-la-planification-pour-les-cantons-et-les-communes\/","og_site_name":"Entwicklung Schweiz","article_published_time":"2025-09-26T14:07:06+00:00","article_modified_time":"2025-09-26T14:26:56+00:00","og_image":[{"url":"https:\/\/entwicklung-schweiz.ch\/wp-content\/uploads\/2025\/09\/ISOS.png","width":1024,"height":1024,"type":"image\/png"}],"author":"Rahel B\u00fcrgi","twitter_card":"summary_large_image","twitter_misc":{"\u00c9crit par":"Rahel B\u00fcrgi","Dur\u00e9e de lecture estim\u00e9e":"3 minutes"},"schema":{"@context":"https:\/\/schema.org","@graph":[{"@type":"Article","@id":"https:\/\/entwicklung-schweiz.ch\/fr\/table-ronde-isos-plus-de-marge-de-manoeuvre-et-de-securite-dans-la-planification-pour-les-cantons-et-les-communes\/#article","isPartOf":{"@id":"https:\/\/entwicklung-schweiz.ch\/fr\/table-ronde-isos-plus-de-marge-de-manoeuvre-et-de-securite-dans-la-planification-pour-les-cantons-et-les-communes\/"},"author":{"name":"Rahel B\u00fcrgi","@id":"https:\/\/entwicklung-schweiz.ch\/#\/schema\/person\/dc7b9eb50eaef8a6fd892dbcbcde1bc8"},"headline":"Table ronde ISOS : plus de marge de man\u0153uvre et de s\u00e9curit\u00e9 dans la planification pour les cantons et les communes","datePublished":"2025-09-26T14:07:06+00:00","dateModified":"2025-09-26T14:26:56+00:00","mainEntityOfPage":{"@id":"https:\/\/entwicklung-schweiz.ch\/fr\/table-ronde-isos-plus-de-marge-de-manoeuvre-et-de-securite-dans-la-planification-pour-les-cantons-et-les-communes\/"},"wordCount":541,"publisher":{"@id":"https:\/\/entwicklung-schweiz.ch\/#organization"},"image":{"@id":"https:\/\/entwicklung-schweiz.ch\/fr\/table-ronde-isos-plus-de-marge-de-manoeuvre-et-de-securite-dans-la-planification-pour-les-cantons-et-les-communes\/#primaryimage"},"thumbnailUrl":"https:\/\/entwicklung-schweiz.ch\/wp-content\/uploads\/2025\/09\/ISOS.png","articleSection":["Branche"],"inLanguage":"fr-FR"},{"@type":"WebPage","@id":"https:\/\/entwicklung-schweiz.ch\/fr\/table-ronde-isos-plus-de-marge-de-manoeuvre-et-de-securite-dans-la-planification-pour-les-cantons-et-les-communes\/","url":"https:\/\/entwicklung-schweiz.ch\/fr\/table-ronde-isos-plus-de-marge-de-manoeuvre-et-de-securite-dans-la-planification-pour-les-cantons-et-les-communes\/","name":"Table ronde ISOS : plus de marge de man\u0153uvre et de s\u00e9curit\u00e9 dans la planification pour les cantons et les communes - Entwicklung Schweiz","isPartOf":{"@id":"https:\/\/entwicklung-schweiz.ch\/#website"},"primaryImageOfPage":{"@id":"https:\/\/entwicklung-schweiz.ch\/fr\/table-ronde-isos-plus-de-marge-de-manoeuvre-et-de-securite-dans-la-planification-pour-les-cantons-et-les-communes\/#primaryimage"},"image":{"@id":"https:\/\/entwicklung-schweiz.ch\/fr\/table-ronde-isos-plus-de-marge-de-manoeuvre-et-de-securite-dans-la-planification-pour-les-cantons-et-les-communes\/#primaryimage"},"thumbnailUrl":"https:\/\/entwicklung-schweiz.ch\/wp-content\/uploads\/2025\/09\/ISOS.png","datePublished":"2025-09-26T14:07:06+00:00","dateModified":"2025-09-26T14:26:56+00:00","breadcrumb":{"@id":"https:\/\/entwicklung-schweiz.ch\/fr\/table-ronde-isos-plus-de-marge-de-manoeuvre-et-de-securite-dans-la-planification-pour-les-cantons-et-les-communes\/#breadcrumb"},"inLanguage":"fr-FR","potentialAction":[{"@type":"ReadAction","target":["https:\/\/entwicklung-schweiz.ch\/fr\/table-ronde-isos-plus-de-marge-de-manoeuvre-et-de-securite-dans-la-planification-pour-les-cantons-et-les-communes\/"]}]},{"@type":"ImageObject","inLanguage":"fr-FR","@id":"https:\/\/entwicklung-schweiz.ch\/fr\/table-ronde-isos-plus-de-marge-de-manoeuvre-et-de-securite-dans-la-planification-pour-les-cantons-et-les-communes\/#primaryimage","url":"https:\/\/entwicklung-schweiz.ch\/wp-content\/uploads\/2025\/09\/ISOS.png","contentUrl":"https:\/\/entwicklung-schweiz.ch\/wp-content\/uploads\/2025\/09\/ISOS.png","width":1024,"height":1024},{"@type":"BreadcrumbList","@id":"https:\/\/entwicklung-schweiz.ch\/fr\/table-ronde-isos-plus-de-marge-de-manoeuvre-et-de-securite-dans-la-planification-pour-les-cantons-et-les-communes\/#breadcrumb","itemListElement":[{"@type":"ListItem","position":1,"name":"Home","item":"https:\/\/entwicklung-schweiz.ch\/fr\/"},{"@type":"ListItem","position":2,"name":"Table ronde ISOS : plus de marge de man\u0153uvre et de s\u00e9curit\u00e9 dans la planification pour les cantons et les communes"}]},{"@type":"WebSite","@id":"https:\/\/entwicklung-schweiz.ch\/#website","url":"https:\/\/entwicklung-schweiz.ch\/","name":"Entwicklung Schweiz","description":"","publisher":{"@id":"https:\/\/entwicklung-schweiz.ch\/#organization"},"potentialAction":[{"@type":"SearchAction","target":{"@type":"EntryPoint","urlTemplate":"https:\/\/entwicklung-schweiz.ch\/?s={search_term_string}"},"query-input":"required name=search_term_string"}],"inLanguage":"fr-FR"},{"@type":"Organization","@id":"https:\/\/entwicklung-schweiz.ch\/#organization","name":"Entwicklung Schweiz","url":"https:\/\/entwicklung-schweiz.ch\/","logo":{"@type":"ImageObject","inLanguage":"fr-FR","@id":"https:\/\/entwicklung-schweiz.ch\/#\/schema\/logo\/image\/","url":"https:\/\/entwicklung-schweiz.ch\/wp-content\/uploads\/2024\/02\/Logo_colors.svg","contentUrl":"https:\/\/entwicklung-schweiz.ch\/wp-content\/uploads\/2024\/02\/Logo_colors.svg","width":243,"height":49,"caption":"Entwicklung Schweiz"},"image":{"@id":"https:\/\/entwicklung-schweiz.ch\/#\/schema\/logo\/image\/"}},{"@type":"Person","@id":"https:\/\/entwicklung-schweiz.ch\/#\/schema\/person\/dc7b9eb50eaef8a6fd892dbcbcde1bc8","name":"Rahel B\u00fcrgi","image":{"@type":"ImageObject","inLanguage":"fr-FR","@id":"https:\/\/entwicklung-schweiz.ch\/#\/schema\/person\/image\/","url":"https:\/\/secure.gravatar.com\/avatar\/f4556c23b1d84678344b528363e89a23?s=96&d=mm&r=g","contentUrl":"https:\/\/secure.gravatar.com\/avatar\/f4556c23b1d84678344b528363e89a23?s=96&d=mm&r=g","caption":"Rahel B\u00fcrgi"}}]}},"_links":{"self":[{"href":"https:\/\/entwicklung-schweiz.ch\/fr\/wp-json\/wp\/v2\/posts\/3059"}],"collection":[{"href":"https:\/\/entwicklung-schweiz.ch\/fr\/wp-json\/wp\/v2\/posts"}],"about":[{"href":"https:\/\/entwicklung-schweiz.ch\/fr\/wp-json\/wp\/v2\/types\/post"}],"author":[{"embeddable":true,"href":"https:\/\/entwicklung-schweiz.ch\/fr\/wp-json\/wp\/v2\/users\/8"}],"replies":[{"embeddable":true,"href":"https:\/\/entwicklung-schweiz.ch\/fr\/wp-json\/wp\/v2\/comments?post=3059"}],"version-history":[{"count":3,"href":"https:\/\/entwicklung-schweiz.ch\/fr\/wp-json\/wp\/v2\/posts\/3059\/revisions"}],"predecessor-version":[{"id":3066,"href":"https:\/\/entwicklung-schweiz.ch\/fr\/wp-json\/wp\/v2\/posts\/3059\/revisions\/3066"}],"wp:featuredmedia":[{"embeddable":true,"href":"https:\/\/entwicklung-schweiz.ch\/fr\/wp-json\/wp\/v2\/media\/3062"}],"wp:attachment":[{"href":"https:\/\/entwicklung-schweiz.ch\/fr\/wp-json\/wp\/v2\/media?parent=3059"}],"wp:term":[{"taxonomy":"category","embeddable":true,"href":"https:\/\/entwicklung-schweiz.ch\/fr\/wp-json\/wp\/v2\/categories?post=3059"},{"taxonomy":"post_tag","embeddable":true,"href":"https:\/\/entwicklung-schweiz.ch\/fr\/wp-json\/wp\/v2\/tags?post=3059"}],"curies":[{"name":"wp","href":"https:\/\/api.w.org\/{rel}","templated":true}]}}