{"id":3099,"date":"2025-10-06T13:07:31","date_gmt":"2025-10-06T11:07:31","guid":{"rendered":"https:\/\/entwicklung-schweiz.ch\/?p=3099"},"modified":"2025-10-06T13:18:33","modified_gmt":"2025-10-06T11:18:33","slug":"moniteur-des-adjudications-du-secteur-suisse-de-la-construction-ete-2025","status":"publish","type":"post","link":"https:\/\/entwicklung-schweiz.ch\/fr\/moniteur-des-adjudications-du-secteur-suisse-de-la-construction-ete-2025\/","title":{"rendered":"Moniteur des adjudications du secteur suisse de la construction &#8211; \u00c9t\u00e9 2025"},"content":{"rendered":"\n<h3 class=\"wp-block-heading\" id=\"h-la-septieme-edition-du-moniteur-des-adjudications-du-secteur-suisse-de-la-construction-de-l-ete-2025-confirme-les-evolutions-observees-au-cours-des-six-derniers-mois-en-matiere-de-durabilite-de-dialogue-et-de-variantes-un-nouveau-chapitre-en-debut-de-rapport-presente-pour-la-premiere-fois-les-moteurs-du-changement-culturel-a-travers-plusieurs-indicateurs\">La septi\u00e8me \u00e9dition du moniteur des adjudications du secteur suisse de la construction de l\u2019\u00e9t\u00e9 2025 confirme les \u00e9volutions observ\u00e9es au cours des six derniers mois en mati\u00e8re de durabilit\u00e9, de dialogue et de variantes. Un nouveau chapitre en d\u00e9but de rapport pr\u00e9sente pour la premi\u00e8re fois les moteurs du changement culturel \u00e0 travers plusieurs indicateurs.<\/h3>\n\n\n\n<p>Par Cristina Schaffner, Directrice de Constructionsuisse<\/p>\n\n\n\n<p>La durabilit\u00e9 est devenue un pilier du changement culturel&nbsp;initi\u00e9 par la r\u00e9forme du droit des march\u00e9s publics de 2019. Si les crit\u00e8res qualitatifs conservent leur importance, les proc\u00e9dures de dialogue et l\u2019autorisation de variantes affichent une tendance contrast\u00e9e\u202f: en recul au niveau national, mais en l\u00e9g\u00e8re augmentation \u00e0 l\u2019\u00e9chelon local. Certaines autorit\u00e9s adjudicatrices se distinguent nettement sur plusieurs indicateurs. Cela sugg\u00e8re que la mise en \u0153uvre de la r\u00e9forme d\u00e9pend fortement de la position des offices de passation de march\u00e9s.<\/p>\n\n\n\n<p><strong>Plus de durabilit\u00e9, moins de dialogue et de variantes<\/strong><\/p>\n\n\n\n<p>Au deuxi\u00e8me trimestre 2025, les crit\u00e8res qualitatifs ont stagn\u00e9 \u00e0 53,1 %. En revanche, la part des crit\u00e8res de durabilit\u00e9 a augment\u00e9 \u00e0 47,6 % (+136 % par rapport \u00e0 l&rsquo;ann\u00e9e pr\u00e9c\u00e9dente). Le dialogue (1,1 %) et la part des variantes autoris\u00e9es (12,2 %), dont l&rsquo;utilisation a presque diminu\u00e9 de moiti\u00e9 par rapport \u00e0 l&rsquo;ann\u00e9e pr\u00e9c\u00e9dente, ont connu une baisse significative.<\/p>\n\n\n\n<p><strong>All\u00e8gement du rapport\u202f: Moins d&rsquo;indicateurs<\/strong><\/p>\n\n\n\n<p>Afin de mieux cibler le rapport, le nombre d&rsquo;indicateurs a \u00e9t\u00e9 r\u00e9duit de 10 \u00e0 7. L&rsquo;innovation et la fiabilit\u00e9 des prix ont \u00e9t\u00e9 supprim\u00e9es faute de donn\u00e9es. Les concours de projets et d&rsquo;id\u00e9es ont \u00e9t\u00e9 regroup\u00e9s en un seul indicateur.<\/p>\n\n\n\n<p><strong>Nouveau chapitre \u00ables moteurs du changement culturel\u00bb<\/strong><\/p>\n\n\n\n<p>Nous cr\u00e9ons ainsi de la place pour le nouveau chapitre \u00abMoteurs du changement culturel\u00bb. Il montre quels indicateurs ont le plus augment\u00e9 depuis la r\u00e9vision et dans quels secteurs et collectivit\u00e9s territoriales ces effets ont \u00e9t\u00e9 particuli\u00e8rement marqu\u00e9s.<\/p>\n\n\n\n<p>\u00c0 cette fin, des comparaisons avant\/apr\u00e8s sont effectu\u00e9es entre la Conf\u00e9d\u00e9ration et les cantons. Les r\u00e9sultats sont \u00e9valu\u00e9s en fonction de la qualit\u00e9 du mod\u00e8le (0 = peu fiable, 12 = tr\u00e8s fiable). Pour l&rsquo;\u00e9valuation des moteurs, seules les diff\u00e9rences positives avec une qualit\u00e9 de mod\u00e8le d&rsquo;au moins 6 et au moins 30 observations sont prises en compte. Le nombre total de points obtenus est additionn\u00e9 par niveau d&rsquo;approvisionnement et par secteur d&rsquo;activit\u00e9.<\/p>\n\n\n\n<p><strong>La Conf\u00e9d\u00e9ration et le canton de B\u00e2le-Ville font avancer le changement culturel<\/strong><\/p>\n\n\n\n<p>\u00c0 la fin du deuxi\u00e8me trimestre 2025, la Conf\u00e9d\u00e9ration a obtenu 46 points de qualit\u00e9 mod\u00e8le, notamment en mati\u00e8re de qualit\u00e9, de durabilit\u00e9 et de plausibilit\u00e9 de l&rsquo;offre. B\u00e2le-Ville suit avec 34 points dans le secteur de la construction, bien que la r\u00e9vision y soit entr\u00e9e en vigueur trois ans plus tard qu&rsquo;au niveau f\u00e9d\u00e9ral. Outre la qualit\u00e9 et la durabilit\u00e9, on note \u00e9galement une augmentation du nombre de variantes.<\/p>\n\n\n\n<p><strong>Moteurs du changement culturel par niveau politique et par secteur&nbsp;<\/strong><\/p>\n\n\n\n            <section class=\"custom-image-block\">\n                            <div class=\"custom-image-as-bg  scrollMagic-block\" style=\"background-image: url('https:\/\/entwicklung-schweiz.ch\/wp-content\/uploads\/2025\/10\/Bild1.jpg')\" data-uid=\"69f5388e5679a\">\n                    <img decoding=\"async\" src=\"https:\/\/entwicklung-schweiz.ch\/wp-content\/themes\/entwicklung_schweiz\/assets\/images\/custom_image_frame.png\" alt=\"Frame\" width=\"1px\" height=\"1px\" \/>\n                <\/div>\n            \n                            <p class=\"mb-0 very-small\">Depuis l&rsquo;entr\u00e9e en vigueur de la r\u00e9vision totale de la loi sur les march\u00e9s publics (T2 2025)<\/p>\n                    <\/section>\n    \n\n\n\n\n<p><strong>Durabilit\u00e9, qualit\u00e9 et variantes \u00e0 contre-courant de la tendance<\/strong><\/p>\n\n\n\n<p>Sur l&rsquo;ensemble des sites \u00e9tudi\u00e9s, la durabilit\u00e9 \u00e9tait le facteur d\u00e9terminant le plus important, suivie des crit\u00e8res de qualit\u00e9. Il est \u00e0 noter que, contrairement \u00e0 la tendance nationale \u00e0 la baisse, l&rsquo;admission de variantes a augment\u00e9 dans le cadre de la r\u00e9vision.<\/p>\n\n\n\n<p><strong>Crit\u00e8res de durabilit\u00e9 par secteur<\/strong><\/p>\n\n\n\n            <section class=\"custom-image-block\">\n                            <img decoding=\"async\" src=\"https:\/\/entwicklung-schweiz.ch\/wp-content\/uploads\/2025\/10\/Bild2.jpg\" class=\"custom-image-as-img  scrollMagic-block\" alt=\"Bild2\" data-uid=\"69f5388e57910\" \/>\n            \n                            <p class=\"mb-0 very-small\">\u00c9volution de la moyenne mobile annuelle (%), du T1 2019 au T2 2025<\/p>\n                    <\/section>\n    \n\n\n\n\n            <section class=\"accordion-block\">\n            <div class=\"accordion\">\n                                    <div class=\"accordion-item\">\n                        <div class=\"accordion-item-header-block bg-color-red border-color-red\" data-number=\"1\">\n                            <h3 class=\"mb-0 text-white\"><strong>Moniteur des adjudications &#8211; \u00c9t\u00e9 2025<\/strong><\/h3>\n                        <\/div>\n\n                        <div class=\"accordion-item-content-block border-color-red\">\n                            <div class=\"accordion-item-content-inner-block\">\n                                                                            <div><a href=\"https:\/\/entwicklung-schweiz.ch\/wp-content\/uploads\/2025\/10\/Moniteur-des-adjudications_Constructionsuisse_Ete_2025.pdf\" class=\"mb-0 link-hover-color-red\">Moniteur des adjudications &#8211; \u00c9t\u00e9 2025<\/a><\/div>\n                                                                    <\/div>\n                        <\/div>\n                    <\/div>\n                            <\/div>\n        <\/section>\n    \n\n\n","protected":false},"excerpt":{"rendered":"<p>La septi\u00e8me \u00e9dition du moniteur des adjudications du secteur suisse de la construction de l\u2019\u00e9t\u00e9 2025 confirme les \u00e9volutions observ\u00e9es au cours des six derniers mois en mati\u00e8re de durabilit\u00e9, de dialogue et de variantes. Un nouveau chapitre en d\u00e9but de rapport pr\u00e9sente pour la premi\u00e8re fois les moteurs du changement culturel \u00e0 travers plusieurs [&hellip;]<\/p>\n","protected":false},"author":8,"featured_media":3091,"comment_status":"closed","ping_status":"closed","sticky":false,"template":"","format":"standard","meta":{"_acf_changed":false,"inline_featured_image":false,"_themeisle_gutenberg_block_has_review":false,"footnotes":""},"categories":[25],"tags":[],"acf":[],"yoast_head":"<!-- This site is optimized with the Yoast SEO Premium plugin v22.7 (Yoast SEO v22.7) - https:\/\/yoast.com\/wordpress\/plugins\/seo\/ -->\n<title>Moniteur des adjudications du secteur suisse de la construction - \u00c9t\u00e9 2025 - Entwicklung Schweiz<\/title>\n<meta name=\"robots\" content=\"index, follow, max-snippet:-1, max-image-preview:large, max-video-preview:-1\" \/>\n<link rel=\"canonical\" href=\"https:\/\/entwicklung-schweiz.ch\/fr\/moniteur-des-adjudications-du-secteur-suisse-de-la-construction-ete-2025\/\" \/>\n<meta property=\"og:locale\" content=\"fr_FR\" \/>\n<meta property=\"og:type\" content=\"article\" \/>\n<meta property=\"og:title\" content=\"Moniteur des adjudications du secteur suisse de la construction - \u00c9t\u00e9 2025\" \/>\n<meta property=\"og:description\" content=\"La septi\u00e8me \u00e9dition du moniteur des adjudications du secteur suisse de la construction de l\u2019\u00e9t\u00e9 2025 confirme les \u00e9volutions observ\u00e9es au cours des six derniers mois en mati\u00e8re de durabilit\u00e9, de dialogue et de variantes. Un nouveau chapitre en d\u00e9but de rapport pr\u00e9sente pour la premi\u00e8re fois les moteurs du changement culturel \u00e0 travers plusieurs [&hellip;]\" \/>\n<meta property=\"og:url\" content=\"https:\/\/entwicklung-schweiz.ch\/fr\/moniteur-des-adjudications-du-secteur-suisse-de-la-construction-ete-2025\/\" \/>\n<meta property=\"og:site_name\" content=\"Entwicklung Schweiz\" \/>\n<meta property=\"article:published_time\" content=\"2025-10-06T11:07:31+00:00\" \/>\n<meta property=\"article:modified_time\" content=\"2025-10-06T11:18:33+00:00\" \/>\n<meta property=\"og:image\" content=\"https:\/\/entwicklung-schweiz.ch\/wp-content\/uploads\/2025\/10\/Vergabemonitor-Winter-2024-Dokumentvorschau.png\" \/>\n\t<meta property=\"og:image:width\" content=\"573\" \/>\n\t<meta property=\"og:image:height\" content=\"394\" \/>\n\t<meta property=\"og:image:type\" content=\"image\/png\" \/>\n<meta name=\"author\" content=\"Rahel B\u00fcrgi\" \/>\n<meta name=\"twitter:card\" content=\"summary_large_image\" \/>\n<meta name=\"twitter:label1\" content=\"\u00c9crit par\" \/>\n\t<meta name=\"twitter:data1\" content=\"Rahel B\u00fcrgi\" \/>\n\t<meta name=\"twitter:label2\" content=\"Dur\u00e9e de lecture estim\u00e9e\" \/>\n\t<meta name=\"twitter:data2\" content=\"4 minutes\" \/>\n<script type=\"application\/ld+json\" class=\"yoast-schema-graph\">{\"@context\":\"https:\/\/schema.org\",\"@graph\":[{\"@type\":\"Article\",\"@id\":\"https:\/\/entwicklung-schweiz.ch\/fr\/moniteur-des-adjudications-du-secteur-suisse-de-la-construction-ete-2025\/#article\",\"isPartOf\":{\"@id\":\"https:\/\/entwicklung-schweiz.ch\/fr\/moniteur-des-adjudications-du-secteur-suisse-de-la-construction-ete-2025\/\"},\"author\":{\"name\":\"Rahel B\u00fcrgi\",\"@id\":\"https:\/\/entwicklung-schweiz.ch\/#\/schema\/person\/dc7b9eb50eaef8a6fd892dbcbcde1bc8\"},\"headline\":\"Moniteur des adjudications du secteur suisse de la construction &#8211; \u00c9t\u00e9 2025\",\"datePublished\":\"2025-10-06T11:07:31+00:00\",\"dateModified\":\"2025-10-06T11:18:33+00:00\",\"mainEntityOfPage\":{\"@id\":\"https:\/\/entwicklung-schweiz.ch\/fr\/moniteur-des-adjudications-du-secteur-suisse-de-la-construction-ete-2025\/\"},\"wordCount\":574,\"publisher\":{\"@id\":\"https:\/\/entwicklung-schweiz.ch\/#organization\"},\"image\":{\"@id\":\"https:\/\/entwicklung-schweiz.ch\/fr\/moniteur-des-adjudications-du-secteur-suisse-de-la-construction-ete-2025\/#primaryimage\"},\"thumbnailUrl\":\"https:\/\/entwicklung-schweiz.ch\/wp-content\/uploads\/2025\/10\/Vergabemonitor-Winter-2024-Dokumentvorschau.png\",\"articleSection\":[\"Branche\"],\"inLanguage\":\"fr-FR\"},{\"@type\":\"WebPage\",\"@id\":\"https:\/\/entwicklung-schweiz.ch\/fr\/moniteur-des-adjudications-du-secteur-suisse-de-la-construction-ete-2025\/\",\"url\":\"https:\/\/entwicklung-schweiz.ch\/fr\/moniteur-des-adjudications-du-secteur-suisse-de-la-construction-ete-2025\/\",\"name\":\"Moniteur des adjudications du secteur suisse de la construction - \u00c9t\u00e9 2025 - Entwicklung Schweiz\",\"isPartOf\":{\"@id\":\"https:\/\/entwicklung-schweiz.ch\/#website\"},\"primaryImageOfPage\":{\"@id\":\"https:\/\/entwicklung-schweiz.ch\/fr\/moniteur-des-adjudications-du-secteur-suisse-de-la-construction-ete-2025\/#primaryimage\"},\"image\":{\"@id\":\"https:\/\/entwicklung-schweiz.ch\/fr\/moniteur-des-adjudications-du-secteur-suisse-de-la-construction-ete-2025\/#primaryimage\"},\"thumbnailUrl\":\"https:\/\/entwicklung-schweiz.ch\/wp-content\/uploads\/2025\/10\/Vergabemonitor-Winter-2024-Dokumentvorschau.png\",\"datePublished\":\"2025-10-06T11:07:31+00:00\",\"dateModified\":\"2025-10-06T11:18:33+00:00\",\"breadcrumb\":{\"@id\":\"https:\/\/entwicklung-schweiz.ch\/fr\/moniteur-des-adjudications-du-secteur-suisse-de-la-construction-ete-2025\/#breadcrumb\"},\"inLanguage\":\"fr-FR\",\"potentialAction\":[{\"@type\":\"ReadAction\",\"target\":[\"https:\/\/entwicklung-schweiz.ch\/fr\/moniteur-des-adjudications-du-secteur-suisse-de-la-construction-ete-2025\/\"]}]},{\"@type\":\"ImageObject\",\"inLanguage\":\"fr-FR\",\"@id\":\"https:\/\/entwicklung-schweiz.ch\/fr\/moniteur-des-adjudications-du-secteur-suisse-de-la-construction-ete-2025\/#primaryimage\",\"url\":\"https:\/\/entwicklung-schweiz.ch\/wp-content\/uploads\/2025\/10\/Vergabemonitor-Winter-2024-Dokumentvorschau.png\",\"contentUrl\":\"https:\/\/entwicklung-schweiz.ch\/wp-content\/uploads\/2025\/10\/Vergabemonitor-Winter-2024-Dokumentvorschau.png\",\"width\":573,\"height\":394},{\"@type\":\"BreadcrumbList\",\"@id\":\"https:\/\/entwicklung-schweiz.ch\/fr\/moniteur-des-adjudications-du-secteur-suisse-de-la-construction-ete-2025\/#breadcrumb\",\"itemListElement\":[{\"@type\":\"ListItem\",\"position\":1,\"name\":\"Home\",\"item\":\"https:\/\/entwicklung-schweiz.ch\/fr\/\"},{\"@type\":\"ListItem\",\"position\":2,\"name\":\"Moniteur des adjudications du secteur suisse de la construction &#8211; \u00c9t\u00e9 2025\"}]},{\"@type\":\"WebSite\",\"@id\":\"https:\/\/entwicklung-schweiz.ch\/#website\",\"url\":\"https:\/\/entwicklung-schweiz.ch\/\",\"name\":\"Entwicklung Schweiz\",\"description\":\"\",\"publisher\":{\"@id\":\"https:\/\/entwicklung-schweiz.ch\/#organization\"},\"potentialAction\":[{\"@type\":\"SearchAction\",\"target\":{\"@type\":\"EntryPoint\",\"urlTemplate\":\"https:\/\/entwicklung-schweiz.ch\/?s={search_term_string}\"},\"query-input\":\"required name=search_term_string\"}],\"inLanguage\":\"fr-FR\"},{\"@type\":\"Organization\",\"@id\":\"https:\/\/entwicklung-schweiz.ch\/#organization\",\"name\":\"Entwicklung Schweiz\",\"url\":\"https:\/\/entwicklung-schweiz.ch\/\",\"logo\":{\"@type\":\"ImageObject\",\"inLanguage\":\"fr-FR\",\"@id\":\"https:\/\/entwicklung-schweiz.ch\/#\/schema\/logo\/image\/\",\"url\":\"https:\/\/entwicklung-schweiz.ch\/wp-content\/uploads\/2024\/02\/Logo_colors.svg\",\"contentUrl\":\"https:\/\/entwicklung-schweiz.ch\/wp-content\/uploads\/2024\/02\/Logo_colors.svg\",\"width\":243,\"height\":49,\"caption\":\"Entwicklung Schweiz\"},\"image\":{\"@id\":\"https:\/\/entwicklung-schweiz.ch\/#\/schema\/logo\/image\/\"}},{\"@type\":\"Person\",\"@id\":\"https:\/\/entwicklung-schweiz.ch\/#\/schema\/person\/dc7b9eb50eaef8a6fd892dbcbcde1bc8\",\"name\":\"Rahel B\u00fcrgi\",\"image\":{\"@type\":\"ImageObject\",\"inLanguage\":\"fr-FR\",\"@id\":\"https:\/\/entwicklung-schweiz.ch\/#\/schema\/person\/image\/\",\"url\":\"https:\/\/secure.gravatar.com\/avatar\/f4556c23b1d84678344b528363e89a23?s=96&d=mm&r=g\",\"contentUrl\":\"https:\/\/secure.gravatar.com\/avatar\/f4556c23b1d84678344b528363e89a23?s=96&d=mm&r=g\",\"caption\":\"Rahel B\u00fcrgi\"}}]}<\/script>\n<!-- \/ Yoast SEO Premium plugin. -->","yoast_head_json":{"title":"Moniteur des adjudications du secteur suisse de la construction - \u00c9t\u00e9 2025 - Entwicklung Schweiz","robots":{"index":"index","follow":"follow","max-snippet":"max-snippet:-1","max-image-preview":"max-image-preview:large","max-video-preview":"max-video-preview:-1"},"canonical":"https:\/\/entwicklung-schweiz.ch\/fr\/moniteur-des-adjudications-du-secteur-suisse-de-la-construction-ete-2025\/","og_locale":"fr_FR","og_type":"article","og_title":"Moniteur des adjudications du secteur suisse de la construction - \u00c9t\u00e9 2025","og_description":"La septi\u00e8me \u00e9dition du moniteur des adjudications du secteur suisse de la construction de l\u2019\u00e9t\u00e9 2025 confirme les \u00e9volutions observ\u00e9es au cours des six derniers mois en mati\u00e8re de durabilit\u00e9, de dialogue et de variantes. Un nouveau chapitre en d\u00e9but de rapport pr\u00e9sente pour la premi\u00e8re fois les moteurs du changement culturel \u00e0 travers plusieurs [&hellip;]","og_url":"https:\/\/entwicklung-schweiz.ch\/fr\/moniteur-des-adjudications-du-secteur-suisse-de-la-construction-ete-2025\/","og_site_name":"Entwicklung Schweiz","article_published_time":"2025-10-06T11:07:31+00:00","article_modified_time":"2025-10-06T11:18:33+00:00","og_image":[{"width":573,"height":394,"url":"https:\/\/entwicklung-schweiz.ch\/wp-content\/uploads\/2025\/10\/Vergabemonitor-Winter-2024-Dokumentvorschau.png","type":"image\/png"}],"author":"Rahel B\u00fcrgi","twitter_card":"summary_large_image","twitter_misc":{"\u00c9crit par":"Rahel B\u00fcrgi","Dur\u00e9e de lecture estim\u00e9e":"4 minutes"},"schema":{"@context":"https:\/\/schema.org","@graph":[{"@type":"Article","@id":"https:\/\/entwicklung-schweiz.ch\/fr\/moniteur-des-adjudications-du-secteur-suisse-de-la-construction-ete-2025\/#article","isPartOf":{"@id":"https:\/\/entwicklung-schweiz.ch\/fr\/moniteur-des-adjudications-du-secteur-suisse-de-la-construction-ete-2025\/"},"author":{"name":"Rahel B\u00fcrgi","@id":"https:\/\/entwicklung-schweiz.ch\/#\/schema\/person\/dc7b9eb50eaef8a6fd892dbcbcde1bc8"},"headline":"Moniteur des adjudications du secteur suisse de la construction &#8211; \u00c9t\u00e9 2025","datePublished":"2025-10-06T11:07:31+00:00","dateModified":"2025-10-06T11:18:33+00:00","mainEntityOfPage":{"@id":"https:\/\/entwicklung-schweiz.ch\/fr\/moniteur-des-adjudications-du-secteur-suisse-de-la-construction-ete-2025\/"},"wordCount":574,"publisher":{"@id":"https:\/\/entwicklung-schweiz.ch\/#organization"},"image":{"@id":"https:\/\/entwicklung-schweiz.ch\/fr\/moniteur-des-adjudications-du-secteur-suisse-de-la-construction-ete-2025\/#primaryimage"},"thumbnailUrl":"https:\/\/entwicklung-schweiz.ch\/wp-content\/uploads\/2025\/10\/Vergabemonitor-Winter-2024-Dokumentvorschau.png","articleSection":["Branche"],"inLanguage":"fr-FR"},{"@type":"WebPage","@id":"https:\/\/entwicklung-schweiz.ch\/fr\/moniteur-des-adjudications-du-secteur-suisse-de-la-construction-ete-2025\/","url":"https:\/\/entwicklung-schweiz.ch\/fr\/moniteur-des-adjudications-du-secteur-suisse-de-la-construction-ete-2025\/","name":"Moniteur des adjudications du secteur suisse de la construction - \u00c9t\u00e9 2025 - Entwicklung Schweiz","isPartOf":{"@id":"https:\/\/entwicklung-schweiz.ch\/#website"},"primaryImageOfPage":{"@id":"https:\/\/entwicklung-schweiz.ch\/fr\/moniteur-des-adjudications-du-secteur-suisse-de-la-construction-ete-2025\/#primaryimage"},"image":{"@id":"https:\/\/entwicklung-schweiz.ch\/fr\/moniteur-des-adjudications-du-secteur-suisse-de-la-construction-ete-2025\/#primaryimage"},"thumbnailUrl":"https:\/\/entwicklung-schweiz.ch\/wp-content\/uploads\/2025\/10\/Vergabemonitor-Winter-2024-Dokumentvorschau.png","datePublished":"2025-10-06T11:07:31+00:00","dateModified":"2025-10-06T11:18:33+00:00","breadcrumb":{"@id":"https:\/\/entwicklung-schweiz.ch\/fr\/moniteur-des-adjudications-du-secteur-suisse-de-la-construction-ete-2025\/#breadcrumb"},"inLanguage":"fr-FR","potentialAction":[{"@type":"ReadAction","target":["https:\/\/entwicklung-schweiz.ch\/fr\/moniteur-des-adjudications-du-secteur-suisse-de-la-construction-ete-2025\/"]}]},{"@type":"ImageObject","inLanguage":"fr-FR","@id":"https:\/\/entwicklung-schweiz.ch\/fr\/moniteur-des-adjudications-du-secteur-suisse-de-la-construction-ete-2025\/#primaryimage","url":"https:\/\/entwicklung-schweiz.ch\/wp-content\/uploads\/2025\/10\/Vergabemonitor-Winter-2024-Dokumentvorschau.png","contentUrl":"https:\/\/entwicklung-schweiz.ch\/wp-content\/uploads\/2025\/10\/Vergabemonitor-Winter-2024-Dokumentvorschau.png","width":573,"height":394},{"@type":"BreadcrumbList","@id":"https:\/\/entwicklung-schweiz.ch\/fr\/moniteur-des-adjudications-du-secteur-suisse-de-la-construction-ete-2025\/#breadcrumb","itemListElement":[{"@type":"ListItem","position":1,"name":"Home","item":"https:\/\/entwicklung-schweiz.ch\/fr\/"},{"@type":"ListItem","position":2,"name":"Moniteur des adjudications du secteur suisse de la construction &#8211; \u00c9t\u00e9 2025"}]},{"@type":"WebSite","@id":"https:\/\/entwicklung-schweiz.ch\/#website","url":"https:\/\/entwicklung-schweiz.ch\/","name":"Entwicklung Schweiz","description":"","publisher":{"@id":"https:\/\/entwicklung-schweiz.ch\/#organization"},"potentialAction":[{"@type":"SearchAction","target":{"@type":"EntryPoint","urlTemplate":"https:\/\/entwicklung-schweiz.ch\/?s={search_term_string}"},"query-input":"required name=search_term_string"}],"inLanguage":"fr-FR"},{"@type":"Organization","@id":"https:\/\/entwicklung-schweiz.ch\/#organization","name":"Entwicklung Schweiz","url":"https:\/\/entwicklung-schweiz.ch\/","logo":{"@type":"ImageObject","inLanguage":"fr-FR","@id":"https:\/\/entwicklung-schweiz.ch\/#\/schema\/logo\/image\/","url":"https:\/\/entwicklung-schweiz.ch\/wp-content\/uploads\/2024\/02\/Logo_colors.svg","contentUrl":"https:\/\/entwicklung-schweiz.ch\/wp-content\/uploads\/2024\/02\/Logo_colors.svg","width":243,"height":49,"caption":"Entwicklung Schweiz"},"image":{"@id":"https:\/\/entwicklung-schweiz.ch\/#\/schema\/logo\/image\/"}},{"@type":"Person","@id":"https:\/\/entwicklung-schweiz.ch\/#\/schema\/person\/dc7b9eb50eaef8a6fd892dbcbcde1bc8","name":"Rahel B\u00fcrgi","image":{"@type":"ImageObject","inLanguage":"fr-FR","@id":"https:\/\/entwicklung-schweiz.ch\/#\/schema\/person\/image\/","url":"https:\/\/secure.gravatar.com\/avatar\/f4556c23b1d84678344b528363e89a23?s=96&d=mm&r=g","contentUrl":"https:\/\/secure.gravatar.com\/avatar\/f4556c23b1d84678344b528363e89a23?s=96&d=mm&r=g","caption":"Rahel B\u00fcrgi"}}]}},"_links":{"self":[{"href":"https:\/\/entwicklung-schweiz.ch\/fr\/wp-json\/wp\/v2\/posts\/3099"}],"collection":[{"href":"https:\/\/entwicklung-schweiz.ch\/fr\/wp-json\/wp\/v2\/posts"}],"about":[{"href":"https:\/\/entwicklung-schweiz.ch\/fr\/wp-json\/wp\/v2\/types\/post"}],"author":[{"embeddable":true,"href":"https:\/\/entwicklung-schweiz.ch\/fr\/wp-json\/wp\/v2\/users\/8"}],"replies":[{"embeddable":true,"href":"https:\/\/entwicklung-schweiz.ch\/fr\/wp-json\/wp\/v2\/comments?post=3099"}],"version-history":[{"count":2,"href":"https:\/\/entwicklung-schweiz.ch\/fr\/wp-json\/wp\/v2\/posts\/3099\/revisions"}],"predecessor-version":[{"id":3102,"href":"https:\/\/entwicklung-schweiz.ch\/fr\/wp-json\/wp\/v2\/posts\/3099\/revisions\/3102"}],"wp:featuredmedia":[{"embeddable":true,"href":"https:\/\/entwicklung-schweiz.ch\/fr\/wp-json\/wp\/v2\/media\/3091"}],"wp:attachment":[{"href":"https:\/\/entwicklung-schweiz.ch\/fr\/wp-json\/wp\/v2\/media?parent=3099"}],"wp:term":[{"taxonomy":"category","embeddable":true,"href":"https:\/\/entwicklung-schweiz.ch\/fr\/wp-json\/wp\/v2\/categories?post=3099"},{"taxonomy":"post_tag","embeddable":true,"href":"https:\/\/entwicklung-schweiz.ch\/fr\/wp-json\/wp\/v2\/tags?post=3099"}],"curies":[{"name":"wp","href":"https:\/\/api.w.org\/{rel}","templated":true}]}}