{"id":3197,"date":"2026-01-30T10:02:32","date_gmt":"2026-01-30T09:02:32","guid":{"rendered":"https:\/\/entwicklung-schweiz.ch\/?p=3197"},"modified":"2026-02-03T10:03:21","modified_gmt":"2026-02-03T09:03:21","slug":"moniteur-des-marches-publics-hiver-2025-stabilisation-a-un-niveau-eleve","status":"publish","type":"post","link":"https:\/\/entwicklung-schweiz.ch\/fr\/moniteur-des-marches-publics-hiver-2025-stabilisation-a-un-niveau-eleve\/","title":{"rendered":"Moniteur des march\u00e9s publics hiver 2025 : stabilisation \u00e0 un niveau \u00e9lev\u00e9"},"content":{"rendered":"\n<p>Le dernier <strong>moniteur des march\u00e9s publics hiver 2025<\/strong> montre un net apaisement de la dynamique du march\u00e9 apr\u00e8s les bouleversements importants cons\u00e9cutifs \u00e0 la r\u00e9vision totale du droit des march\u00e9s publics. Alors que les crit\u00e8res de qualit\u00e9 et de durabilit\u00e9 sont d\u00e9sormais solidement ancr\u00e9s dans la pratique des march\u00e9s publics, les taux de croissance de nombreux indicateurs s&rsquo;aplatissent jusqu&rsquo;\u00e0 fin 2025.<\/p>\n\n\n\n<p>Le rapport, publi\u00e9 par <strong>Constructions Suisse<\/strong> en collaboration avec <strong>D\u00e9veloppement Suisse<\/strong>, analyse la mise en \u0153uvre du changement culturel qui consiste \u00e0 passer d&rsquo;une concurrence purement bas\u00e9e sur les prix \u00e0 l&rsquo;offre \u00ab la plus avantageuse \u00bb.<\/p>\n\n\n\n<p>&#8212;&#8212;&#8212;&#8212;&#8212;&#8212;&#8212;&#8212;&#8212;&#8212;&#8212;&#8212;&#8212;&#8212;&#8212;&#8212;&#8212;&#8212;&#8212;&#8212;&#8212;&#8212;&#8212;-<\/p>\n\n\n\n<h4 class=\"wp-block-heading\" id=\"h-apercu-des-principaux-chiffres-cles-t4-2025\">Aper\u00e7u des principaux chiffres cl\u00e9s (T4 2025)<\/h4>\n\n\n\n<p>L&rsquo;analyse des appels d&rsquo;offres sur simap.ch fournit les valeurs cl\u00e9s suivantes pour les prestataires globaux et les d\u00e9veloppeurs :<\/p>\n\n\n\n<ul>\n<li><strong>Crit\u00e8res de qualit\u00e9 :<\/strong> la part des crit\u00e8res qualitatifs reste stable \u00e0 <strong>53,4 %<\/strong>. La qualit\u00e9 des prestations d&rsquo;ing\u00e9nierie est particuli\u00e8rement importante (67,9 %).<\/li>\n<\/ul>\n\n\n\n<ul>\n<li><strong>Durabilit\u00e9 :<\/strong> avec <strong>50,0 %<\/strong>, cet indicateur a atteint son plus haut niveau \u00e0 ce jour, mais sa croissance, qui \u00e9tait auparavant \u00e0 deux chiffres, a nettement ralenti.<\/li>\n<\/ul>\n\n\n\n<ul>\n<li><strong>Plausibilit\u00e9 de l&rsquo;offre :<\/strong> ce nouveau crit\u00e8re est appliqu\u00e9 dans <strong>5,3 %<\/strong> des appels d&rsquo;offres, ce qui indique une saturation provisoire.<\/li>\n<\/ul>\n\n\n\n<ul>\n<li><strong>Admission de variantes :<\/strong> apr\u00e8s une forte baisse l&rsquo;ann\u00e9e pr\u00e9c\u00e9dente, la part des appels d&rsquo;offres admettant des variantes s&rsquo;est stabilis\u00e9e \u00e0 <strong>8,9 %<\/strong>.<\/li>\n<\/ul>\n\n\n\n<p>&#8212;&#8212;&#8212;&#8212;&#8212;&#8212;&#8212;&#8212;&#8212;&#8212;&#8212;&#8212;&#8212;&#8212;&#8212;&#8212;&#8212;&#8212;&#8212;&#8212;&#8212;&#8212;&#8212;-<\/p>\n\n\n\n<h4 class=\"wp-block-heading\" id=\"h-evolution-des-procedures-specifiques\">\u00c9volution des proc\u00e9dures sp\u00e9cifiques<\/h4>\n\n\n\n<p>Pour les membres de D\u00e9veloppement Suisse, les donn\u00e9es relatives aux formes de proc\u00e9dures complexes sont particuli\u00e8rement instructives :<\/p>\n\n\n\n<ul>\n<li><strong>Proc\u00e9dures de dialogue :<\/strong> malgr\u00e9 des augmentations ponctuelles dans le domaine de l&rsquo;architecture, la part \u00e0 l&rsquo;\u00e9chelle nationale reste tr\u00e8s faible, \u00e0 <strong>0,6 %.<\/strong><\/li>\n<\/ul>\n\n\n\n<ul>\n<li><strong>Concours de prestations globales :<\/strong> avec une part de seulement <strong>0,1 %<\/strong>, ceux-ci restent une exception rare dans les march\u00e9s publics suisses.<\/li>\n<\/ul>\n\n\n\n<ul>\n<li><strong>Concours de projets et d&rsquo;id\u00e9es :<\/strong> ils repr\u00e9sentent environ <strong>0,8 % <\/strong>de tous les appels d&rsquo;offres.<\/li>\n<\/ul>\n\n\n\n<p>&#8212;&#8212;&#8212;&#8212;&#8212;&#8212;&#8212;&#8212;&#8212;&#8212;&#8212;&#8212;&#8212;&#8212;&#8212;&#8212;&#8212;&#8212;&#8212;&#8212;&#8212;&#8212;&#8212;-<\/p>\n\n\n\n<h4 class=\"wp-block-heading\" id=\"h-moteurs-regionaux-du-changement-culturel\">Moteurs r\u00e9gionaux du changement culturel<\/h4>\n\n\n\n<p>Le changement culturel n&rsquo;est pas men\u00e9 avec la m\u00eame intensit\u00e9 partout. Le Moniteur identifie principalement l<strong>es moteurs suivants :<\/strong><\/p>\n\n\n\n<ol>\n<li>Les autorit\u00e9s adjudicatrices de la <strong>Conf\u00e9d\u00e9ration<\/strong>.<\/li>\n\n\n\n<li>Les cantons de <strong>B\u00e2le-Ville, B\u00e2le-Campagne, Valais et Argovie. <\/strong><\/li>\n<\/ol>\n\n\n\n<p>Ces acteurs r\u00e9alisent les progr\u00e8s les plus significatifs sur plusieurs indicateurs, en particulier en mati\u00e8re de durabilit\u00e9 et de qualit\u00e9.<\/p>\n\n\n\n<p>&#8212;&#8212;&#8212;&#8212;&#8212;&#8212;&#8212;&#8212;&#8212;&#8212;&#8212;&#8212;&#8212;&#8212;&#8212;&#8212;&#8212;&#8212;&#8212;&#8212;&#8212;&#8212;&#8212;-<\/p>\n\n\n\n<p><strong>Conclusion pour la pratique<\/strong><\/p>\n\n\n\n<p>Le moniteur des march\u00e9s publics montre clairement que l&rsquo;assurance qualit\u00e9 et la durabilit\u00e9 ne sont plus des tendances, mais sont devenues la <strong>norme dans le secteur de la construction publique.<\/strong> Pour les d\u00e9veloppeurs et les prestataires globaux, cela signifie que la comp\u00e9tence dans ces domaines reste un avantage concurrentiel d\u00e9cisif, m\u00eame si la dynamique de croissance li\u00e9e \u00e0 l&rsquo;introduction de nouveaux crit\u00e8res s&rsquo;essouffle pour l&rsquo;instant.<\/p>\n\n\n\n<p><strong>Souhaitez-vous obtenir des informations plus d\u00e9taill\u00e9es sur une r\u00e9gion sp\u00e9cifique ou un secteur particulier, tel que la construction ou l&rsquo;architecture ? <\/strong>Nous pouvons volontiers vous fournir des r\u00e9sultats s\u00e9par\u00e9s \u00e0 partir des annexes, selon vos besoins.<\/p>\n\n\n\n            <section class=\"accordion-block\">\n            <div class=\"accordion\">\n                                    <div class=\"accordion-item\">\n                        <div class=\"accordion-item-header-block bg-color-red border-color-red\" data-number=\"1\">\n                            <h3 class=\"mb-0 text-white\"><strong>Moniteur des adjudications &#8211; Hiver 2025<\/strong><\/h3>\n                        <\/div>\n\n                        <div class=\"accordion-item-content-block border-color-red\">\n                            <div class=\"accordion-item-content-inner-block\">\n                                                                            <div><a href=\"https:\/\/entwicklung-schweiz.ch\/wp-content\/uploads\/2026\/01\/260130-Moniteur-des-adjudications_Constructionsuisse_Hiver_2025.pdf\" class=\"mb-0 link-hover-color-red\">Moniteur des adjudications &#8211; Hiver 2025<\/a><\/div>\n                                                                    <\/div>\n                        <\/div>\n                    <\/div>\n                            <\/div>\n        <\/section>\n    \n\n\n","protected":false},"excerpt":{"rendered":"<p>Le dernier moniteur des march\u00e9s publics hiver 2025 montre un net apaisement de la dynamique du march\u00e9 apr\u00e8s les bouleversements importants cons\u00e9cutifs \u00e0 la r\u00e9vision totale du droit des march\u00e9s publics. Alors que les crit\u00e8res de qualit\u00e9 et de durabilit\u00e9 sont d\u00e9sormais solidement ancr\u00e9s dans la pratique des march\u00e9s publics, les taux de croissance de [&hellip;]<\/p>\n","protected":false},"author":8,"featured_media":3194,"comment_status":"closed","ping_status":"closed","sticky":false,"template":"","format":"standard","meta":{"_acf_changed":false,"inline_featured_image":false,"_themeisle_gutenberg_block_has_review":false,"footnotes":""},"categories":[25],"tags":[],"acf":[],"yoast_head":"<!-- This site is optimized with the Yoast SEO Premium plugin v22.7 (Yoast SEO v22.7) - https:\/\/yoast.com\/wordpress\/plugins\/seo\/ -->\n<title>Moniteur des march\u00e9s publics hiver 2025 : stabilisation \u00e0 un niveau \u00e9lev\u00e9 - Entwicklung Schweiz<\/title>\n<meta name=\"robots\" content=\"index, follow, max-snippet:-1, max-image-preview:large, max-video-preview:-1\" \/>\n<link rel=\"canonical\" href=\"https:\/\/entwicklung-schweiz.ch\/fr\/moniteur-des-marches-publics-hiver-2025-stabilisation-a-un-niveau-eleve\/\" \/>\n<meta property=\"og:locale\" content=\"fr_FR\" \/>\n<meta property=\"og:type\" content=\"article\" \/>\n<meta property=\"og:title\" content=\"Moniteur des march\u00e9s publics hiver 2025 : stabilisation \u00e0 un niveau \u00e9lev\u00e9\" \/>\n<meta property=\"og:description\" content=\"Le dernier moniteur des march\u00e9s publics hiver 2025 montre un net apaisement de la dynamique du march\u00e9 apr\u00e8s les bouleversements importants cons\u00e9cutifs \u00e0 la r\u00e9vision totale du droit des march\u00e9s publics. Alors que les crit\u00e8res de qualit\u00e9 et de durabilit\u00e9 sont d\u00e9sormais solidement ancr\u00e9s dans la pratique des march\u00e9s publics, les taux de croissance de [&hellip;]\" \/>\n<meta property=\"og:url\" content=\"https:\/\/entwicklung-schweiz.ch\/fr\/moniteur-des-marches-publics-hiver-2025-stabilisation-a-un-niveau-eleve\/\" \/>\n<meta property=\"og:site_name\" content=\"Entwicklung Schweiz\" \/>\n<meta property=\"article:published_time\" content=\"2026-01-30T09:02:32+00:00\" \/>\n<meta property=\"article:modified_time\" content=\"2026-02-03T09:03:21+00:00\" \/>\n<meta property=\"og:image\" content=\"https:\/\/entwicklung-schweiz.ch\/wp-content\/uploads\/2026\/01\/260130-Bild-Beitrag-Vergabemonitor-1200x800.png\" \/>\n\t<meta property=\"og:image:width\" content=\"1200\" \/>\n\t<meta property=\"og:image:height\" content=\"800\" \/>\n\t<meta property=\"og:image:type\" content=\"image\/png\" \/>\n<meta name=\"author\" content=\"Rahel B\u00fcrgi\" \/>\n<meta name=\"twitter:card\" content=\"summary_large_image\" \/>\n<meta name=\"twitter:label1\" content=\"\u00c9crit par\" \/>\n\t<meta name=\"twitter:data1\" content=\"Rahel B\u00fcrgi\" \/>\n\t<meta name=\"twitter:label2\" content=\"Dur\u00e9e de lecture estim\u00e9e\" \/>\n\t<meta name=\"twitter:data2\" content=\"3 minutes\" \/>\n<script type=\"application\/ld+json\" class=\"yoast-schema-graph\">{\"@context\":\"https:\/\/schema.org\",\"@graph\":[{\"@type\":\"Article\",\"@id\":\"https:\/\/entwicklung-schweiz.ch\/fr\/moniteur-des-marches-publics-hiver-2025-stabilisation-a-un-niveau-eleve\/#article\",\"isPartOf\":{\"@id\":\"https:\/\/entwicklung-schweiz.ch\/fr\/moniteur-des-marches-publics-hiver-2025-stabilisation-a-un-niveau-eleve\/\"},\"author\":{\"name\":\"Rahel B\u00fcrgi\",\"@id\":\"https:\/\/entwicklung-schweiz.ch\/#\/schema\/person\/dc7b9eb50eaef8a6fd892dbcbcde1bc8\"},\"headline\":\"Moniteur des march\u00e9s publics hiver 2025 : stabilisation \u00e0 un niveau \u00e9lev\u00e9\",\"datePublished\":\"2026-01-30T09:02:32+00:00\",\"dateModified\":\"2026-02-03T09:03:21+00:00\",\"mainEntityOfPage\":{\"@id\":\"https:\/\/entwicklung-schweiz.ch\/fr\/moniteur-des-marches-publics-hiver-2025-stabilisation-a-un-niveau-eleve\/\"},\"wordCount\":500,\"publisher\":{\"@id\":\"https:\/\/entwicklung-schweiz.ch\/#organization\"},\"image\":{\"@id\":\"https:\/\/entwicklung-schweiz.ch\/fr\/moniteur-des-marches-publics-hiver-2025-stabilisation-a-un-niveau-eleve\/#primaryimage\"},\"thumbnailUrl\":\"https:\/\/entwicklung-schweiz.ch\/wp-content\/uploads\/2026\/01\/260130-Bild-Beitrag-Vergabemonitor.png\",\"articleSection\":[\"Branche\"],\"inLanguage\":\"fr-FR\"},{\"@type\":\"WebPage\",\"@id\":\"https:\/\/entwicklung-schweiz.ch\/fr\/moniteur-des-marches-publics-hiver-2025-stabilisation-a-un-niveau-eleve\/\",\"url\":\"https:\/\/entwicklung-schweiz.ch\/fr\/moniteur-des-marches-publics-hiver-2025-stabilisation-a-un-niveau-eleve\/\",\"name\":\"Moniteur des march\u00e9s publics hiver 2025 : stabilisation \u00e0 un niveau \u00e9lev\u00e9 - Entwicklung Schweiz\",\"isPartOf\":{\"@id\":\"https:\/\/entwicklung-schweiz.ch\/#website\"},\"primaryImageOfPage\":{\"@id\":\"https:\/\/entwicklung-schweiz.ch\/fr\/moniteur-des-marches-publics-hiver-2025-stabilisation-a-un-niveau-eleve\/#primaryimage\"},\"image\":{\"@id\":\"https:\/\/entwicklung-schweiz.ch\/fr\/moniteur-des-marches-publics-hiver-2025-stabilisation-a-un-niveau-eleve\/#primaryimage\"},\"thumbnailUrl\":\"https:\/\/entwicklung-schweiz.ch\/wp-content\/uploads\/2026\/01\/260130-Bild-Beitrag-Vergabemonitor.png\",\"datePublished\":\"2026-01-30T09:02:32+00:00\",\"dateModified\":\"2026-02-03T09:03:21+00:00\",\"breadcrumb\":{\"@id\":\"https:\/\/entwicklung-schweiz.ch\/fr\/moniteur-des-marches-publics-hiver-2025-stabilisation-a-un-niveau-eleve\/#breadcrumb\"},\"inLanguage\":\"fr-FR\",\"potentialAction\":[{\"@type\":\"ReadAction\",\"target\":[\"https:\/\/entwicklung-schweiz.ch\/fr\/moniteur-des-marches-publics-hiver-2025-stabilisation-a-un-niveau-eleve\/\"]}]},{\"@type\":\"ImageObject\",\"inLanguage\":\"fr-FR\",\"@id\":\"https:\/\/entwicklung-schweiz.ch\/fr\/moniteur-des-marches-publics-hiver-2025-stabilisation-a-un-niveau-eleve\/#primaryimage\",\"url\":\"https:\/\/entwicklung-schweiz.ch\/wp-content\/uploads\/2026\/01\/260130-Bild-Beitrag-Vergabemonitor.png\",\"contentUrl\":\"https:\/\/entwicklung-schweiz.ch\/wp-content\/uploads\/2026\/01\/260130-Bild-Beitrag-Vergabemonitor.png\",\"width\":1536,\"height\":1024},{\"@type\":\"BreadcrumbList\",\"@id\":\"https:\/\/entwicklung-schweiz.ch\/fr\/moniteur-des-marches-publics-hiver-2025-stabilisation-a-un-niveau-eleve\/#breadcrumb\",\"itemListElement\":[{\"@type\":\"ListItem\",\"position\":1,\"name\":\"Home\",\"item\":\"https:\/\/entwicklung-schweiz.ch\/fr\/\"},{\"@type\":\"ListItem\",\"position\":2,\"name\":\"Moniteur des march\u00e9s publics hiver 2025 : stabilisation \u00e0 un niveau \u00e9lev\u00e9\"}]},{\"@type\":\"WebSite\",\"@id\":\"https:\/\/entwicklung-schweiz.ch\/#website\",\"url\":\"https:\/\/entwicklung-schweiz.ch\/\",\"name\":\"Entwicklung Schweiz\",\"description\":\"\",\"publisher\":{\"@id\":\"https:\/\/entwicklung-schweiz.ch\/#organization\"},\"potentialAction\":[{\"@type\":\"SearchAction\",\"target\":{\"@type\":\"EntryPoint\",\"urlTemplate\":\"https:\/\/entwicklung-schweiz.ch\/?s={search_term_string}\"},\"query-input\":\"required name=search_term_string\"}],\"inLanguage\":\"fr-FR\"},{\"@type\":\"Organization\",\"@id\":\"https:\/\/entwicklung-schweiz.ch\/#organization\",\"name\":\"Entwicklung Schweiz\",\"url\":\"https:\/\/entwicklung-schweiz.ch\/\",\"logo\":{\"@type\":\"ImageObject\",\"inLanguage\":\"fr-FR\",\"@id\":\"https:\/\/entwicklung-schweiz.ch\/#\/schema\/logo\/image\/\",\"url\":\"https:\/\/entwicklung-schweiz.ch\/wp-content\/uploads\/2024\/02\/Logo_colors.svg\",\"contentUrl\":\"https:\/\/entwicklung-schweiz.ch\/wp-content\/uploads\/2024\/02\/Logo_colors.svg\",\"width\":243,\"height\":49,\"caption\":\"Entwicklung Schweiz\"},\"image\":{\"@id\":\"https:\/\/entwicklung-schweiz.ch\/#\/schema\/logo\/image\/\"}},{\"@type\":\"Person\",\"@id\":\"https:\/\/entwicklung-schweiz.ch\/#\/schema\/person\/dc7b9eb50eaef8a6fd892dbcbcde1bc8\",\"name\":\"Rahel B\u00fcrgi\",\"image\":{\"@type\":\"ImageObject\",\"inLanguage\":\"fr-FR\",\"@id\":\"https:\/\/entwicklung-schweiz.ch\/#\/schema\/person\/image\/\",\"url\":\"https:\/\/secure.gravatar.com\/avatar\/f4556c23b1d84678344b528363e89a23?s=96&d=mm&r=g\",\"contentUrl\":\"https:\/\/secure.gravatar.com\/avatar\/f4556c23b1d84678344b528363e89a23?s=96&d=mm&r=g\",\"caption\":\"Rahel B\u00fcrgi\"}}]}<\/script>\n<!-- \/ Yoast SEO Premium plugin. -->","yoast_head_json":{"title":"Moniteur des march\u00e9s publics hiver 2025 : stabilisation \u00e0 un niveau \u00e9lev\u00e9 - Entwicklung Schweiz","robots":{"index":"index","follow":"follow","max-snippet":"max-snippet:-1","max-image-preview":"max-image-preview:large","max-video-preview":"max-video-preview:-1"},"canonical":"https:\/\/entwicklung-schweiz.ch\/fr\/moniteur-des-marches-publics-hiver-2025-stabilisation-a-un-niveau-eleve\/","og_locale":"fr_FR","og_type":"article","og_title":"Moniteur des march\u00e9s publics hiver 2025 : stabilisation \u00e0 un niveau \u00e9lev\u00e9","og_description":"Le dernier moniteur des march\u00e9s publics hiver 2025 montre un net apaisement de la dynamique du march\u00e9 apr\u00e8s les bouleversements importants cons\u00e9cutifs \u00e0 la r\u00e9vision totale du droit des march\u00e9s publics. Alors que les crit\u00e8res de qualit\u00e9 et de durabilit\u00e9 sont d\u00e9sormais solidement ancr\u00e9s dans la pratique des march\u00e9s publics, les taux de croissance de [&hellip;]","og_url":"https:\/\/entwicklung-schweiz.ch\/fr\/moniteur-des-marches-publics-hiver-2025-stabilisation-a-un-niveau-eleve\/","og_site_name":"Entwicklung Schweiz","article_published_time":"2026-01-30T09:02:32+00:00","article_modified_time":"2026-02-03T09:03:21+00:00","og_image":[{"width":1200,"height":800,"url":"https:\/\/entwicklung-schweiz.ch\/wp-content\/uploads\/2026\/01\/260130-Bild-Beitrag-Vergabemonitor-1200x800.png","type":"image\/png"}],"author":"Rahel B\u00fcrgi","twitter_card":"summary_large_image","twitter_misc":{"\u00c9crit par":"Rahel B\u00fcrgi","Dur\u00e9e de lecture estim\u00e9e":"3 minutes"},"schema":{"@context":"https:\/\/schema.org","@graph":[{"@type":"Article","@id":"https:\/\/entwicklung-schweiz.ch\/fr\/moniteur-des-marches-publics-hiver-2025-stabilisation-a-un-niveau-eleve\/#article","isPartOf":{"@id":"https:\/\/entwicklung-schweiz.ch\/fr\/moniteur-des-marches-publics-hiver-2025-stabilisation-a-un-niveau-eleve\/"},"author":{"name":"Rahel B\u00fcrgi","@id":"https:\/\/entwicklung-schweiz.ch\/#\/schema\/person\/dc7b9eb50eaef8a6fd892dbcbcde1bc8"},"headline":"Moniteur des march\u00e9s publics hiver 2025 : stabilisation \u00e0 un niveau \u00e9lev\u00e9","datePublished":"2026-01-30T09:02:32+00:00","dateModified":"2026-02-03T09:03:21+00:00","mainEntityOfPage":{"@id":"https:\/\/entwicklung-schweiz.ch\/fr\/moniteur-des-marches-publics-hiver-2025-stabilisation-a-un-niveau-eleve\/"},"wordCount":500,"publisher":{"@id":"https:\/\/entwicklung-schweiz.ch\/#organization"},"image":{"@id":"https:\/\/entwicklung-schweiz.ch\/fr\/moniteur-des-marches-publics-hiver-2025-stabilisation-a-un-niveau-eleve\/#primaryimage"},"thumbnailUrl":"https:\/\/entwicklung-schweiz.ch\/wp-content\/uploads\/2026\/01\/260130-Bild-Beitrag-Vergabemonitor.png","articleSection":["Branche"],"inLanguage":"fr-FR"},{"@type":"WebPage","@id":"https:\/\/entwicklung-schweiz.ch\/fr\/moniteur-des-marches-publics-hiver-2025-stabilisation-a-un-niveau-eleve\/","url":"https:\/\/entwicklung-schweiz.ch\/fr\/moniteur-des-marches-publics-hiver-2025-stabilisation-a-un-niveau-eleve\/","name":"Moniteur des march\u00e9s publics hiver 2025 : stabilisation \u00e0 un niveau \u00e9lev\u00e9 - Entwicklung Schweiz","isPartOf":{"@id":"https:\/\/entwicklung-schweiz.ch\/#website"},"primaryImageOfPage":{"@id":"https:\/\/entwicklung-schweiz.ch\/fr\/moniteur-des-marches-publics-hiver-2025-stabilisation-a-un-niveau-eleve\/#primaryimage"},"image":{"@id":"https:\/\/entwicklung-schweiz.ch\/fr\/moniteur-des-marches-publics-hiver-2025-stabilisation-a-un-niveau-eleve\/#primaryimage"},"thumbnailUrl":"https:\/\/entwicklung-schweiz.ch\/wp-content\/uploads\/2026\/01\/260130-Bild-Beitrag-Vergabemonitor.png","datePublished":"2026-01-30T09:02:32+00:00","dateModified":"2026-02-03T09:03:21+00:00","breadcrumb":{"@id":"https:\/\/entwicklung-schweiz.ch\/fr\/moniteur-des-marches-publics-hiver-2025-stabilisation-a-un-niveau-eleve\/#breadcrumb"},"inLanguage":"fr-FR","potentialAction":[{"@type":"ReadAction","target":["https:\/\/entwicklung-schweiz.ch\/fr\/moniteur-des-marches-publics-hiver-2025-stabilisation-a-un-niveau-eleve\/"]}]},{"@type":"ImageObject","inLanguage":"fr-FR","@id":"https:\/\/entwicklung-schweiz.ch\/fr\/moniteur-des-marches-publics-hiver-2025-stabilisation-a-un-niveau-eleve\/#primaryimage","url":"https:\/\/entwicklung-schweiz.ch\/wp-content\/uploads\/2026\/01\/260130-Bild-Beitrag-Vergabemonitor.png","contentUrl":"https:\/\/entwicklung-schweiz.ch\/wp-content\/uploads\/2026\/01\/260130-Bild-Beitrag-Vergabemonitor.png","width":1536,"height":1024},{"@type":"BreadcrumbList","@id":"https:\/\/entwicklung-schweiz.ch\/fr\/moniteur-des-marches-publics-hiver-2025-stabilisation-a-un-niveau-eleve\/#breadcrumb","itemListElement":[{"@type":"ListItem","position":1,"name":"Home","item":"https:\/\/entwicklung-schweiz.ch\/fr\/"},{"@type":"ListItem","position":2,"name":"Moniteur des march\u00e9s publics hiver 2025 : stabilisation \u00e0 un niveau \u00e9lev\u00e9"}]},{"@type":"WebSite","@id":"https:\/\/entwicklung-schweiz.ch\/#website","url":"https:\/\/entwicklung-schweiz.ch\/","name":"Entwicklung Schweiz","description":"","publisher":{"@id":"https:\/\/entwicklung-schweiz.ch\/#organization"},"potentialAction":[{"@type":"SearchAction","target":{"@type":"EntryPoint","urlTemplate":"https:\/\/entwicklung-schweiz.ch\/?s={search_term_string}"},"query-input":"required name=search_term_string"}],"inLanguage":"fr-FR"},{"@type":"Organization","@id":"https:\/\/entwicklung-schweiz.ch\/#organization","name":"Entwicklung Schweiz","url":"https:\/\/entwicklung-schweiz.ch\/","logo":{"@type":"ImageObject","inLanguage":"fr-FR","@id":"https:\/\/entwicklung-schweiz.ch\/#\/schema\/logo\/image\/","url":"https:\/\/entwicklung-schweiz.ch\/wp-content\/uploads\/2024\/02\/Logo_colors.svg","contentUrl":"https:\/\/entwicklung-schweiz.ch\/wp-content\/uploads\/2024\/02\/Logo_colors.svg","width":243,"height":49,"caption":"Entwicklung Schweiz"},"image":{"@id":"https:\/\/entwicklung-schweiz.ch\/#\/schema\/logo\/image\/"}},{"@type":"Person","@id":"https:\/\/entwicklung-schweiz.ch\/#\/schema\/person\/dc7b9eb50eaef8a6fd892dbcbcde1bc8","name":"Rahel B\u00fcrgi","image":{"@type":"ImageObject","inLanguage":"fr-FR","@id":"https:\/\/entwicklung-schweiz.ch\/#\/schema\/person\/image\/","url":"https:\/\/secure.gravatar.com\/avatar\/f4556c23b1d84678344b528363e89a23?s=96&d=mm&r=g","contentUrl":"https:\/\/secure.gravatar.com\/avatar\/f4556c23b1d84678344b528363e89a23?s=96&d=mm&r=g","caption":"Rahel B\u00fcrgi"}}]}},"_links":{"self":[{"href":"https:\/\/entwicklung-schweiz.ch\/fr\/wp-json\/wp\/v2\/posts\/3197"}],"collection":[{"href":"https:\/\/entwicklung-schweiz.ch\/fr\/wp-json\/wp\/v2\/posts"}],"about":[{"href":"https:\/\/entwicklung-schweiz.ch\/fr\/wp-json\/wp\/v2\/types\/post"}],"author":[{"embeddable":true,"href":"https:\/\/entwicklung-schweiz.ch\/fr\/wp-json\/wp\/v2\/users\/8"}],"replies":[{"embeddable":true,"href":"https:\/\/entwicklung-schweiz.ch\/fr\/wp-json\/wp\/v2\/comments?post=3197"}],"version-history":[{"count":2,"href":"https:\/\/entwicklung-schweiz.ch\/fr\/wp-json\/wp\/v2\/posts\/3197\/revisions"}],"predecessor-version":[{"id":3206,"href":"https:\/\/entwicklung-schweiz.ch\/fr\/wp-json\/wp\/v2\/posts\/3197\/revisions\/3206"}],"wp:featuredmedia":[{"embeddable":true,"href":"https:\/\/entwicklung-schweiz.ch\/fr\/wp-json\/wp\/v2\/media\/3194"}],"wp:attachment":[{"href":"https:\/\/entwicklung-schweiz.ch\/fr\/wp-json\/wp\/v2\/media?parent=3197"}],"wp:term":[{"taxonomy":"category","embeddable":true,"href":"https:\/\/entwicklung-schweiz.ch\/fr\/wp-json\/wp\/v2\/categories?post=3197"},{"taxonomy":"post_tag","embeddable":true,"href":"https:\/\/entwicklung-schweiz.ch\/fr\/wp-json\/wp\/v2\/tags?post=3197"}],"curies":[{"name":"wp","href":"https:\/\/api.w.org\/{rel}","templated":true}]}}