{"id":3257,"date":"2026-03-17T13:36:32","date_gmt":"2026-03-17T12:36:32","guid":{"rendered":"https:\/\/entwicklung-schweiz.ch\/?p=3257"},"modified":"2026-03-17T15:44:05","modified_gmt":"2026-03-17T14:44:05","slug":"une-offre-limitee-des-prix-eleves-la-recherche-dun-logement-reste-difficile","status":"publish","type":"post","link":"https:\/\/entwicklung-schweiz.ch\/fr\/une-offre-limitee-des-prix-eleves-la-recherche-dun-logement-reste-difficile\/","title":{"rendered":"Une offre limit\u00e9e, des prix \u00e9lev\u00e9s : la recherche d&rsquo;un logement reste difficile"},"content":{"rendered":"\n<p>Publication du dernier rapport sur le march\u00e9 du logement de l&rsquo;OFL<\/p>\n\n\n\n<p>La situation sur le march\u00e9 suisse du logement reste tendue : si la baisse des taux d&rsquo;int\u00e9r\u00eat stabilise les loyers des logements existants, la p\u00e9nurie est plus marqu\u00e9e que jamais depuis 2014 pour les personnes \u00e0 la recherche d&rsquo;un logement, en particulier les m\u00e9nages \u00e0 faible pouvoir d&rsquo;achat. L&rsquo;acc\u00e8s \u00e0 la propri\u00e9t\u00e9 reste certes possible pour la classe moyenne, mais avec des concessions et pas partout. C&rsquo;est ce que montre la mise \u00e0 jour du Moniteur du march\u00e9 du logement de l&rsquo;Office f\u00e9d\u00e9ral du logement (OFL).<\/p>\n\n\n\n<p>Les m\u00e9nages qui vivent depuis longtemps dans leur logement sont globalement bien pourvus en surface habitable. La baisse des co\u00fbts de financement a un effet stabilisateur sur les loyers des contrats existants et r\u00e9duit \u00e9galement les frais d&rsquo;utilisation des logements en propri\u00e9t\u00e9. Les m\u00e9nages s\u00e9dentaires en profitent directement.<\/p>\n\n\n\n<p>En revanche, pour les m\u00e9nages \u00e0 la recherche d\u2019un logement locatif, le march\u00e9 est plus tendu qu\u2019il ne l\u2019a \u00e9t\u00e9 depuis 2014. Les m\u00e9nages \u00e0 faible ou moyen pouvoir d\u2019achat, en particulier, trouvent nettement moins d\u2019offres abordables. Cette p\u00e9nurie se manifeste surtout dans les zones urbaines ainsi que dans les r\u00e9gions de montagne et est particuli\u00e8rement aigu\u00eb dans des r\u00e9gions telles que Zurich, Gen\u00e8ve, Lucerne, Zoug, Saint-Moritz, Coire ainsi que dans la r\u00e9gion d\u2019Interlaken\u2013Zweisimmen.<\/p>\n\n\n\n<h4 class=\"wp-block-heading\" id=\"h-l-accession-a-la-propriete-pour-la-classe-moyenne-possible-mais-avec-des-restrictions\"><strong>L&rsquo;accession \u00e0 la propri\u00e9t\u00e9 pour la classe moyenne : possible, mais avec des restrictions<\/strong><\/h4>\n\n\n\n<p>Jusqu\u2019\u00e0 un rapport prix\/revenu de 6 pour 1, l\u2019accession \u00e0 la propri\u00e9t\u00e9 est en principe consid\u00e9r\u00e9e comme finan\u00e7able pour les m\u00e9nages. En revanche, si un bien immobilier co\u00fbte plus de six fois le revenu annuel du m\u00e9nage, le capital propre n\u00e9cessaire ne peut g\u00e9n\u00e9ralement plus \u00eatre \u00e9pargn\u00e9 dans un d\u00e9lai raisonnable et la viabilit\u00e9 financi\u00e8re n\u2019est plus assur\u00e9e. Avec un revenu brut de 120 000 francs, un bien immobilier ne doit par exemple pas co\u00fbter plus de 720 000 francs.<\/p>\n\n\n\n<p>Pour les m\u00e9nages de la classe moyenne inf\u00e9rieure, les prix ne sont plus abordables que dans quelques r\u00e9gions. Pour eux, l\u2019acquisition d\u2019un logement n\u2019est possible qu\u2019au prix d\u2019une longue p\u00e9riode d\u2019\u00e9pargne, d\u2019une grande pers\u00e9v\u00e9rance et d\u2019une volont\u00e9 de faire des compromis \u2013 tant en ce qui concerne l\u2019emplacement que l\u2019\u00e9quipement. Les m\u00e9nages de la classe moyenne sup\u00e9rieure ont de meilleures chances ; dans les r\u00e9gions du lac L\u00e9man, de Zurich et de B\u00e2le-Campagne, ils atteignent toutefois eux aussi leurs limites financi\u00e8res.<\/p>\n\n\n\n<h4 class=\"wp-block-heading\" id=\"h-peu-d-amelioration-en-vue-pour-2026\"><strong>Peu d&rsquo;am\u00e9lioration en vue pour 2026<\/strong><\/h4>\n\n\n\n<p>Au vu de l&rsquo;\u00e9volution des ann\u00e9es pr\u00e9c\u00e9dentes, il faut s&rsquo;attendre, pour l&rsquo;ann\u00e9e en cours \u00e9galement, \u00e0 ce que la croissance du parc immobilier ne puisse pas suivre le rythme de la demande. L&rsquo;am\u00e9lioration de la situation pour les personnes \u00e0 la recherche d&rsquo;un logement d\u00e9pendra essentiellement de la croissance du nombre de m\u00e9nages. Celle-ci devrait se situer en 2026 \u00e0 un niveau similaire \u00e0 celui de l&rsquo;ann\u00e9e pr\u00e9c\u00e9dente.<\/p>\n\n\n\n<h4 class=\"wp-block-heading\" id=\"h-le-moniteur-du-marche-du-logement-de-l-ofl\"><strong><em>Le Moniteur du march\u00e9 du logement <\/em>de l\u2019OFL<\/strong><\/h4>\n\n\n\n<p>Depuis le milieu des ann\u00e9es 2000, l\u2019OFL mesure, \u00e0 l\u2019aide du Moniteur du march\u00e9 du logement, les effets de l\u2019accord sur la libre circulation des personnes sur le march\u00e9 du logement. Le Moniteur du march\u00e9 du logement a \u00e9t\u00e9 actualis\u00e9 et num\u00e9ris\u00e9 en 2024 et est accessible sur le site web de l\u2019OFL. Le mandat pour le Moniteur du march\u00e9 du logement 2024-2027 a \u00e9t\u00e9 attribu\u00e9 \u00e0 Meta-Sys AG \u00e0 l&rsquo;issue d&rsquo;un appel d&rsquo;offres public.<\/p>\n\n\n\n<p>Pour plus d&rsquo;informations:<\/p>\n\n\n\n<p><a href=\"https:\/\/www.bwo.admin.ch\/fr\/monitorage-du-marche-du-logement\">Moniteur du march\u00e9 du logement<\/a><\/p>\n\n\n\n<p><\/p>\n","protected":false},"excerpt":{"rendered":"<p>Publication du dernier rapport sur le march\u00e9 du logement de l&rsquo;OFL La situation sur le march\u00e9 suisse du logement reste tendue : si la baisse des taux d&rsquo;int\u00e9r\u00eat stabilise les loyers des logements existants, la p\u00e9nurie est plus marqu\u00e9e que jamais depuis 2014 pour les personnes \u00e0 la recherche d&rsquo;un logement, en particulier les m\u00e9nages [&hellip;]<\/p>\n","protected":false},"author":8,"featured_media":3261,"comment_status":"closed","ping_status":"closed","sticky":false,"template":"","format":"standard","meta":{"_acf_changed":false,"inline_featured_image":false,"_themeisle_gutenberg_block_has_review":false,"footnotes":""},"categories":[25],"tags":[],"acf":[],"yoast_head":"<!-- This site is optimized with the Yoast SEO Premium plugin v22.7 (Yoast SEO v22.7) - https:\/\/yoast.com\/wordpress\/plugins\/seo\/ -->\n<title>Une offre limit\u00e9e, des prix \u00e9lev\u00e9s : la recherche d&#039;un logement reste difficile - Entwicklung Schweiz<\/title>\n<meta name=\"robots\" content=\"index, follow, max-snippet:-1, max-image-preview:large, max-video-preview:-1\" \/>\n<link rel=\"canonical\" href=\"https:\/\/entwicklung-schweiz.ch\/fr\/une-offre-limitee-des-prix-eleves-la-recherche-dun-logement-reste-difficile\/\" \/>\n<meta property=\"og:locale\" content=\"fr_FR\" \/>\n<meta property=\"og:type\" content=\"article\" \/>\n<meta property=\"og:title\" content=\"Une offre limit\u00e9e, des prix \u00e9lev\u00e9s : la recherche d&#039;un logement reste difficile\" \/>\n<meta property=\"og:description\" content=\"Publication du dernier rapport sur le march\u00e9 du logement de l&rsquo;OFL La situation sur le march\u00e9 suisse du logement reste tendue : si la baisse des taux d&rsquo;int\u00e9r\u00eat stabilise les loyers des logements existants, la p\u00e9nurie est plus marqu\u00e9e que jamais depuis 2014 pour les personnes \u00e0 la recherche d&rsquo;un logement, en particulier les m\u00e9nages [&hellip;]\" \/>\n<meta property=\"og:url\" content=\"https:\/\/entwicklung-schweiz.ch\/fr\/une-offre-limitee-des-prix-eleves-la-recherche-dun-logement-reste-difficile\/\" \/>\n<meta property=\"og:site_name\" content=\"Entwicklung Schweiz\" \/>\n<meta property=\"article:published_time\" content=\"2026-03-17T12:36:32+00:00\" \/>\n<meta property=\"article:modified_time\" content=\"2026-03-17T14:44:05+00:00\" \/>\n<meta property=\"og:image\" content=\"https:\/\/entwicklung-schweiz.ch\/wp-content\/uploads\/2026\/03\/260317-Bild-Wohnungsknappheit_1-1200x800.png\" \/>\n\t<meta property=\"og:image:width\" content=\"1200\" \/>\n\t<meta property=\"og:image:height\" content=\"800\" \/>\n\t<meta property=\"og:image:type\" content=\"image\/png\" \/>\n<meta name=\"author\" content=\"Rahel B\u00fcrgi\" \/>\n<meta name=\"twitter:card\" content=\"summary_large_image\" \/>\n<meta name=\"twitter:label1\" content=\"\u00c9crit par\" \/>\n\t<meta name=\"twitter:data1\" content=\"Rahel B\u00fcrgi\" \/>\n\t<meta name=\"twitter:label2\" content=\"Dur\u00e9e de lecture estim\u00e9e\" \/>\n\t<meta name=\"twitter:data2\" content=\"4 minutes\" \/>\n<script type=\"application\/ld+json\" class=\"yoast-schema-graph\">{\"@context\":\"https:\/\/schema.org\",\"@graph\":[{\"@type\":\"Article\",\"@id\":\"https:\/\/entwicklung-schweiz.ch\/fr\/une-offre-limitee-des-prix-eleves-la-recherche-dun-logement-reste-difficile\/#article\",\"isPartOf\":{\"@id\":\"https:\/\/entwicklung-schweiz.ch\/fr\/une-offre-limitee-des-prix-eleves-la-recherche-dun-logement-reste-difficile\/\"},\"author\":{\"name\":\"Rahel B\u00fcrgi\",\"@id\":\"https:\/\/entwicklung-schweiz.ch\/#\/schema\/person\/dc7b9eb50eaef8a6fd892dbcbcde1bc8\"},\"headline\":\"Une offre limit\u00e9e, des prix \u00e9lev\u00e9s : la recherche d&rsquo;un logement reste difficile\",\"datePublished\":\"2026-03-17T12:36:32+00:00\",\"dateModified\":\"2026-03-17T14:44:05+00:00\",\"mainEntityOfPage\":{\"@id\":\"https:\/\/entwicklung-schweiz.ch\/fr\/une-offre-limitee-des-prix-eleves-la-recherche-dun-logement-reste-difficile\/\"},\"wordCount\":631,\"publisher\":{\"@id\":\"https:\/\/entwicklung-schweiz.ch\/#organization\"},\"image\":{\"@id\":\"https:\/\/entwicklung-schweiz.ch\/fr\/une-offre-limitee-des-prix-eleves-la-recherche-dun-logement-reste-difficile\/#primaryimage\"},\"thumbnailUrl\":\"https:\/\/entwicklung-schweiz.ch\/wp-content\/uploads\/2026\/03\/260317-Bild-Wohnungsknappheit_1.png\",\"articleSection\":[\"Branche\"],\"inLanguage\":\"fr-FR\"},{\"@type\":\"WebPage\",\"@id\":\"https:\/\/entwicklung-schweiz.ch\/fr\/une-offre-limitee-des-prix-eleves-la-recherche-dun-logement-reste-difficile\/\",\"url\":\"https:\/\/entwicklung-schweiz.ch\/fr\/une-offre-limitee-des-prix-eleves-la-recherche-dun-logement-reste-difficile\/\",\"name\":\"Une offre limit\u00e9e, des prix \u00e9lev\u00e9s : la recherche d'un logement reste difficile - Entwicklung Schweiz\",\"isPartOf\":{\"@id\":\"https:\/\/entwicklung-schweiz.ch\/#website\"},\"primaryImageOfPage\":{\"@id\":\"https:\/\/entwicklung-schweiz.ch\/fr\/une-offre-limitee-des-prix-eleves-la-recherche-dun-logement-reste-difficile\/#primaryimage\"},\"image\":{\"@id\":\"https:\/\/entwicklung-schweiz.ch\/fr\/une-offre-limitee-des-prix-eleves-la-recherche-dun-logement-reste-difficile\/#primaryimage\"},\"thumbnailUrl\":\"https:\/\/entwicklung-schweiz.ch\/wp-content\/uploads\/2026\/03\/260317-Bild-Wohnungsknappheit_1.png\",\"datePublished\":\"2026-03-17T12:36:32+00:00\",\"dateModified\":\"2026-03-17T14:44:05+00:00\",\"breadcrumb\":{\"@id\":\"https:\/\/entwicklung-schweiz.ch\/fr\/une-offre-limitee-des-prix-eleves-la-recherche-dun-logement-reste-difficile\/#breadcrumb\"},\"inLanguage\":\"fr-FR\",\"potentialAction\":[{\"@type\":\"ReadAction\",\"target\":[\"https:\/\/entwicklung-schweiz.ch\/fr\/une-offre-limitee-des-prix-eleves-la-recherche-dun-logement-reste-difficile\/\"]}]},{\"@type\":\"ImageObject\",\"inLanguage\":\"fr-FR\",\"@id\":\"https:\/\/entwicklung-schweiz.ch\/fr\/une-offre-limitee-des-prix-eleves-la-recherche-dun-logement-reste-difficile\/#primaryimage\",\"url\":\"https:\/\/entwicklung-schweiz.ch\/wp-content\/uploads\/2026\/03\/260317-Bild-Wohnungsknappheit_1.png\",\"contentUrl\":\"https:\/\/entwicklung-schweiz.ch\/wp-content\/uploads\/2026\/03\/260317-Bild-Wohnungsknappheit_1.png\",\"width\":1536,\"height\":1024},{\"@type\":\"BreadcrumbList\",\"@id\":\"https:\/\/entwicklung-schweiz.ch\/fr\/une-offre-limitee-des-prix-eleves-la-recherche-dun-logement-reste-difficile\/#breadcrumb\",\"itemListElement\":[{\"@type\":\"ListItem\",\"position\":1,\"name\":\"Home\",\"item\":\"https:\/\/entwicklung-schweiz.ch\/fr\/\"},{\"@type\":\"ListItem\",\"position\":2,\"name\":\"Une offre limit\u00e9e, des prix \u00e9lev\u00e9s : la recherche d&#8217;un logement reste difficile\"}]},{\"@type\":\"WebSite\",\"@id\":\"https:\/\/entwicklung-schweiz.ch\/#website\",\"url\":\"https:\/\/entwicklung-schweiz.ch\/\",\"name\":\"Entwicklung Schweiz\",\"description\":\"\",\"publisher\":{\"@id\":\"https:\/\/entwicklung-schweiz.ch\/#organization\"},\"potentialAction\":[{\"@type\":\"SearchAction\",\"target\":{\"@type\":\"EntryPoint\",\"urlTemplate\":\"https:\/\/entwicklung-schweiz.ch\/?s={search_term_string}\"},\"query-input\":\"required name=search_term_string\"}],\"inLanguage\":\"fr-FR\"},{\"@type\":\"Organization\",\"@id\":\"https:\/\/entwicklung-schweiz.ch\/#organization\",\"name\":\"Entwicklung Schweiz\",\"url\":\"https:\/\/entwicklung-schweiz.ch\/\",\"logo\":{\"@type\":\"ImageObject\",\"inLanguage\":\"fr-FR\",\"@id\":\"https:\/\/entwicklung-schweiz.ch\/#\/schema\/logo\/image\/\",\"url\":\"https:\/\/entwicklung-schweiz.ch\/wp-content\/uploads\/2024\/02\/Logo_colors.svg\",\"contentUrl\":\"https:\/\/entwicklung-schweiz.ch\/wp-content\/uploads\/2024\/02\/Logo_colors.svg\",\"width\":243,\"height\":49,\"caption\":\"Entwicklung Schweiz\"},\"image\":{\"@id\":\"https:\/\/entwicklung-schweiz.ch\/#\/schema\/logo\/image\/\"}},{\"@type\":\"Person\",\"@id\":\"https:\/\/entwicklung-schweiz.ch\/#\/schema\/person\/dc7b9eb50eaef8a6fd892dbcbcde1bc8\",\"name\":\"Rahel B\u00fcrgi\",\"image\":{\"@type\":\"ImageObject\",\"inLanguage\":\"fr-FR\",\"@id\":\"https:\/\/entwicklung-schweiz.ch\/#\/schema\/person\/image\/\",\"url\":\"https:\/\/secure.gravatar.com\/avatar\/f4556c23b1d84678344b528363e89a23?s=96&d=mm&r=g\",\"contentUrl\":\"https:\/\/secure.gravatar.com\/avatar\/f4556c23b1d84678344b528363e89a23?s=96&d=mm&r=g\",\"caption\":\"Rahel B\u00fcrgi\"}}]}<\/script>\n<!-- \/ Yoast SEO Premium plugin. -->","yoast_head_json":{"title":"Une offre limit\u00e9e, des prix \u00e9lev\u00e9s : la recherche d'un logement reste difficile - Entwicklung Schweiz","robots":{"index":"index","follow":"follow","max-snippet":"max-snippet:-1","max-image-preview":"max-image-preview:large","max-video-preview":"max-video-preview:-1"},"canonical":"https:\/\/entwicklung-schweiz.ch\/fr\/une-offre-limitee-des-prix-eleves-la-recherche-dun-logement-reste-difficile\/","og_locale":"fr_FR","og_type":"article","og_title":"Une offre limit\u00e9e, des prix \u00e9lev\u00e9s : la recherche d'un logement reste difficile","og_description":"Publication du dernier rapport sur le march\u00e9 du logement de l&rsquo;OFL La situation sur le march\u00e9 suisse du logement reste tendue : si la baisse des taux d&rsquo;int\u00e9r\u00eat stabilise les loyers des logements existants, la p\u00e9nurie est plus marqu\u00e9e que jamais depuis 2014 pour les personnes \u00e0 la recherche d&rsquo;un logement, en particulier les m\u00e9nages [&hellip;]","og_url":"https:\/\/entwicklung-schweiz.ch\/fr\/une-offre-limitee-des-prix-eleves-la-recherche-dun-logement-reste-difficile\/","og_site_name":"Entwicklung Schweiz","article_published_time":"2026-03-17T12:36:32+00:00","article_modified_time":"2026-03-17T14:44:05+00:00","og_image":[{"width":1200,"height":800,"url":"https:\/\/entwicklung-schweiz.ch\/wp-content\/uploads\/2026\/03\/260317-Bild-Wohnungsknappheit_1-1200x800.png","type":"image\/png"}],"author":"Rahel B\u00fcrgi","twitter_card":"summary_large_image","twitter_misc":{"\u00c9crit par":"Rahel B\u00fcrgi","Dur\u00e9e de lecture estim\u00e9e":"4 minutes"},"schema":{"@context":"https:\/\/schema.org","@graph":[{"@type":"Article","@id":"https:\/\/entwicklung-schweiz.ch\/fr\/une-offre-limitee-des-prix-eleves-la-recherche-dun-logement-reste-difficile\/#article","isPartOf":{"@id":"https:\/\/entwicklung-schweiz.ch\/fr\/une-offre-limitee-des-prix-eleves-la-recherche-dun-logement-reste-difficile\/"},"author":{"name":"Rahel B\u00fcrgi","@id":"https:\/\/entwicklung-schweiz.ch\/#\/schema\/person\/dc7b9eb50eaef8a6fd892dbcbcde1bc8"},"headline":"Une offre limit\u00e9e, des prix \u00e9lev\u00e9s : la recherche d&rsquo;un logement reste difficile","datePublished":"2026-03-17T12:36:32+00:00","dateModified":"2026-03-17T14:44:05+00:00","mainEntityOfPage":{"@id":"https:\/\/entwicklung-schweiz.ch\/fr\/une-offre-limitee-des-prix-eleves-la-recherche-dun-logement-reste-difficile\/"},"wordCount":631,"publisher":{"@id":"https:\/\/entwicklung-schweiz.ch\/#organization"},"image":{"@id":"https:\/\/entwicklung-schweiz.ch\/fr\/une-offre-limitee-des-prix-eleves-la-recherche-dun-logement-reste-difficile\/#primaryimage"},"thumbnailUrl":"https:\/\/entwicklung-schweiz.ch\/wp-content\/uploads\/2026\/03\/260317-Bild-Wohnungsknappheit_1.png","articleSection":["Branche"],"inLanguage":"fr-FR"},{"@type":"WebPage","@id":"https:\/\/entwicklung-schweiz.ch\/fr\/une-offre-limitee-des-prix-eleves-la-recherche-dun-logement-reste-difficile\/","url":"https:\/\/entwicklung-schweiz.ch\/fr\/une-offre-limitee-des-prix-eleves-la-recherche-dun-logement-reste-difficile\/","name":"Une offre limit\u00e9e, des prix \u00e9lev\u00e9s : la recherche d'un logement reste difficile - Entwicklung Schweiz","isPartOf":{"@id":"https:\/\/entwicklung-schweiz.ch\/#website"},"primaryImageOfPage":{"@id":"https:\/\/entwicklung-schweiz.ch\/fr\/une-offre-limitee-des-prix-eleves-la-recherche-dun-logement-reste-difficile\/#primaryimage"},"image":{"@id":"https:\/\/entwicklung-schweiz.ch\/fr\/une-offre-limitee-des-prix-eleves-la-recherche-dun-logement-reste-difficile\/#primaryimage"},"thumbnailUrl":"https:\/\/entwicklung-schweiz.ch\/wp-content\/uploads\/2026\/03\/260317-Bild-Wohnungsknappheit_1.png","datePublished":"2026-03-17T12:36:32+00:00","dateModified":"2026-03-17T14:44:05+00:00","breadcrumb":{"@id":"https:\/\/entwicklung-schweiz.ch\/fr\/une-offre-limitee-des-prix-eleves-la-recherche-dun-logement-reste-difficile\/#breadcrumb"},"inLanguage":"fr-FR","potentialAction":[{"@type":"ReadAction","target":["https:\/\/entwicklung-schweiz.ch\/fr\/une-offre-limitee-des-prix-eleves-la-recherche-dun-logement-reste-difficile\/"]}]},{"@type":"ImageObject","inLanguage":"fr-FR","@id":"https:\/\/entwicklung-schweiz.ch\/fr\/une-offre-limitee-des-prix-eleves-la-recherche-dun-logement-reste-difficile\/#primaryimage","url":"https:\/\/entwicklung-schweiz.ch\/wp-content\/uploads\/2026\/03\/260317-Bild-Wohnungsknappheit_1.png","contentUrl":"https:\/\/entwicklung-schweiz.ch\/wp-content\/uploads\/2026\/03\/260317-Bild-Wohnungsknappheit_1.png","width":1536,"height":1024},{"@type":"BreadcrumbList","@id":"https:\/\/entwicklung-schweiz.ch\/fr\/une-offre-limitee-des-prix-eleves-la-recherche-dun-logement-reste-difficile\/#breadcrumb","itemListElement":[{"@type":"ListItem","position":1,"name":"Home","item":"https:\/\/entwicklung-schweiz.ch\/fr\/"},{"@type":"ListItem","position":2,"name":"Une offre limit\u00e9e, des prix \u00e9lev\u00e9s : la recherche d&#8217;un logement reste difficile"}]},{"@type":"WebSite","@id":"https:\/\/entwicklung-schweiz.ch\/#website","url":"https:\/\/entwicklung-schweiz.ch\/","name":"Entwicklung Schweiz","description":"","publisher":{"@id":"https:\/\/entwicklung-schweiz.ch\/#organization"},"potentialAction":[{"@type":"SearchAction","target":{"@type":"EntryPoint","urlTemplate":"https:\/\/entwicklung-schweiz.ch\/?s={search_term_string}"},"query-input":"required name=search_term_string"}],"inLanguage":"fr-FR"},{"@type":"Organization","@id":"https:\/\/entwicklung-schweiz.ch\/#organization","name":"Entwicklung Schweiz","url":"https:\/\/entwicklung-schweiz.ch\/","logo":{"@type":"ImageObject","inLanguage":"fr-FR","@id":"https:\/\/entwicklung-schweiz.ch\/#\/schema\/logo\/image\/","url":"https:\/\/entwicklung-schweiz.ch\/wp-content\/uploads\/2024\/02\/Logo_colors.svg","contentUrl":"https:\/\/entwicklung-schweiz.ch\/wp-content\/uploads\/2024\/02\/Logo_colors.svg","width":243,"height":49,"caption":"Entwicklung Schweiz"},"image":{"@id":"https:\/\/entwicklung-schweiz.ch\/#\/schema\/logo\/image\/"}},{"@type":"Person","@id":"https:\/\/entwicklung-schweiz.ch\/#\/schema\/person\/dc7b9eb50eaef8a6fd892dbcbcde1bc8","name":"Rahel B\u00fcrgi","image":{"@type":"ImageObject","inLanguage":"fr-FR","@id":"https:\/\/entwicklung-schweiz.ch\/#\/schema\/person\/image\/","url":"https:\/\/secure.gravatar.com\/avatar\/f4556c23b1d84678344b528363e89a23?s=96&d=mm&r=g","contentUrl":"https:\/\/secure.gravatar.com\/avatar\/f4556c23b1d84678344b528363e89a23?s=96&d=mm&r=g","caption":"Rahel B\u00fcrgi"}}]}},"_links":{"self":[{"href":"https:\/\/entwicklung-schweiz.ch\/fr\/wp-json\/wp\/v2\/posts\/3257"}],"collection":[{"href":"https:\/\/entwicklung-schweiz.ch\/fr\/wp-json\/wp\/v2\/posts"}],"about":[{"href":"https:\/\/entwicklung-schweiz.ch\/fr\/wp-json\/wp\/v2\/types\/post"}],"author":[{"embeddable":true,"href":"https:\/\/entwicklung-schweiz.ch\/fr\/wp-json\/wp\/v2\/users\/8"}],"replies":[{"embeddable":true,"href":"https:\/\/entwicklung-schweiz.ch\/fr\/wp-json\/wp\/v2\/comments?post=3257"}],"version-history":[{"count":1,"href":"https:\/\/entwicklung-schweiz.ch\/fr\/wp-json\/wp\/v2\/posts\/3257\/revisions"}],"predecessor-version":[{"id":3258,"href":"https:\/\/entwicklung-schweiz.ch\/fr\/wp-json\/wp\/v2\/posts\/3257\/revisions\/3258"}],"wp:featuredmedia":[{"embeddable":true,"href":"https:\/\/entwicklung-schweiz.ch\/fr\/wp-json\/wp\/v2\/media\/3261"}],"wp:attachment":[{"href":"https:\/\/entwicklung-schweiz.ch\/fr\/wp-json\/wp\/v2\/media?parent=3257"}],"wp:term":[{"taxonomy":"category","embeddable":true,"href":"https:\/\/entwicklung-schweiz.ch\/fr\/wp-json\/wp\/v2\/categories?post=3257"},{"taxonomy":"post_tag","embeddable":true,"href":"https:\/\/entwicklung-schweiz.ch\/fr\/wp-json\/wp\/v2\/tags?post=3257"}],"curies":[{"name":"wp","href":"https:\/\/api.w.org\/{rel}","templated":true}]}}